{"id":3656,"date":"2026-04-09T11:10:36","date_gmt":"2026-04-09T09:10:36","guid":{"rendered":"https:\/\/montesionwineestate.com\/?p=3656"},"modified":"2026-04-23T11:26:35","modified_gmt":"2026-04-23T09:26:35","slug":"fira-andratx-2026-mallorca-wein","status":"publish","type":"post","link":"https:\/\/montesionwineestate.com\/de\/fira-andratx-2026-mallorca-wein\/","title":{"rendered":"Fira d&#8217;Andratx 2026: Biodynamischer Weinbau auf Mallorca"},"content":{"rendered":"<div class=\"seo-article\" style=\"font-family: 'Inter', system-ui, -apple-system, sans-serif;color: #111827;line-height: 1.7;font-size: 20px;\">\n<article>\n<p class=\"seo-intro\" style=\"font-weight: 500;letter-spacing: -0.01em;margin-bottom: 32px;color: #4b5563;font-size: 20px;font-family: 'Inter', system-ui, -apple-system, sans-serif;line-height: 1.8;\">Die Fira d&#8217;Andratx 2026 findet am 27. und 28. M\u00e4rz statt und verwandelt die historische Stadt in ein lebendiges Zentrum f\u00fcr regionale Gastronomie, traditionelles Handwerk und mallorquinischen Weinbau. Diese Veranstaltung unterstreicht den landwirtschaftlichen Reichtum der Region und bietet nachhaltigen Erzeugern wie dem Montesion Wine Estate eine Plattform, um autochthone Rebsorten wie Callet und Manto Negro zu pr\u00e4sentieren. Besucher erleben die Verbindung zwischen traditioneller Landwirtschaft und der modernen Renaissance eines umweltbewussten Weinbaus.<\/p>\n<p style=\"margin-bottom: 32px;color: #4b5563;font-size: 20px;font-family: 'Inter', system-ui, -apple-system, sans-serif;line-height: 1.8;\">Historische landwirtschaftliche M\u00e4rkte im gesamten Mittelmeerraum erleben eine tiefgreifende Renaissance und entwickeln sich von einfachen Dorfmarktpl\u00e4tzen zu wichtigen Knotenpunkten f\u00fcr nachhaltige Gastronomie und Weinbau. Die Fira d&#8217;Andratx 2026 ist ein Paradebeispiel f\u00fcr diese Entwicklung und zieht sowohl Einheimische als auch internationale G\u00e4ste an, die eine authentische Verbindung zum Land suchen. Die wachsende internationale Faszination f\u00fcr Weine von den Balearen lockt Besucher ins Inselinnere, um terrassierte Weinberge und historische Weing\u00fcter zu erkunden. Die raue Topografie der Insel pr\u00e4gt eine einzigartige landwirtschaftliche Identit\u00e4t, in der uralte Anbaumethoden auf moderne \u00f6kologische Standards treffen. Die diesj\u00e4hrige Ausstellung unterstreicht den wachsenden Trend hin zu einer naturnahen Landwirtschaft und dem Erhalt einheimischer Sorten. Besucher, die durch die St\u00e4nde mit lokalen Produkten aus Mallorca schlendern, werden aus erster Hand erleben, wie engagierte Winzer des Montesion Wine Estate die Insel-Landwirtschaft neu definieren \u2013 indem sie auf \u00fcberlieferte Methoden setzen und diese mit strengen \u00f6kologischen Zertifizierungen in die Zukunft f\u00fchren.<\/p>\n<h2 style=\"font-family: 'Inter', system-ui, -apple-system, sans-serif;color: #111827;line-height: 1.3;margin-top: 48px;margin-bottom: 24px;font-size: 36px;letter-spacing: -0.02em;font-weight: 700;\">Wie f\u00f6rdern mallorquinische Agrarmessen den \u00f6kologischen Weinbau?<\/h2>\n<p style=\"margin-bottom: 32px;color: #4b5563;font-size: 20px;font-family: 'Inter', system-ui, -apple-system, sans-serif;line-height: 1.8;\">Die Landschaft des spanischen Weinbaus befindet sich in einem radikalen Wandel, wobei die Insel-Erzeuger eine Vorreiterrolle bei der \u00f6kologischen Bewirtschaftung einnehmen. Aktuelle Marktdaten zeigen, dass die \u00f6kologisch bewirtschaftete Rebfl\u00e4che auf den Balearen in den letzten f\u00fcnf Jahren um \u00fcber 35 % gewachsen ist und damit den nationalen Durchschnitt f\u00fcr Bio-Wein in Spanien \u00fcbertrifft. Dieser statistische Anstieg spiegelt einen grundlegenden Wandel im Konsumverhalten und in der landwirtschaftlichen Philosophie wider, der auf den mallorquinischen Agrarmessen deutlich sichtbar wird. Diese gemeinschaftsorientierten Veranstaltungen, insbesondere die Weinevents in Andratx, fungieren als starke Beschleuniger f\u00fcr nachhaltige Praktiken, da sie einen direkten Austausch mit den Verbrauchern erm\u00f6glichen, der Landwirte dazu ermutigt, auf synthetische Chemikalien zu verzichten und stattdessen auf eine ganzheitliche Bewirtschaftung zu setzen.<\/p>\n<p style=\"margin-bottom: 32px;color: #4b5563;font-size: 20px;font-family: 'Inter', system-ui, -apple-system, sans-serif;line-height: 1.8;\">Wenn lokale Erzeuger ihre Ernte direkt ihren Nachbarn und interessierten Besuchern pr\u00e4sentieren, verlagert sich das Gespr\u00e4ch ganz nat\u00fcrlich auf Bodengesundheit, Biodiversit\u00e4t und langfristige Klimaresilienz. Das traditionelle Messegel\u00e4nde wird zu einem wichtigen Bildungsraum, in dem die komplexen Prinzipien des biodynamischen Weinbaus von abstrakten Konzepten zu greifbaren, schmeckbaren Realit\u00e4ten werden. Erzeuger, die sich zu strengen \u00f6kologischen Standards verpflichten, finden ein \u00e4u\u00dferst aufgeschlossenes Publikum, das verstehen m\u00f6chte, wie Mondzyklen, nat\u00fcrliche Kompostpr\u00e4parate und vielf\u00e4ltige Begr\u00fcnungen das Endprodukt im Glas beeinflussen.<\/p>\n<p style=\"margin-bottom: 32px;color: #4b5563;font-size: 20px;font-family: 'Inter', system-ui, -apple-system, sans-serif;line-height: 1.8;\">Dieses direkte Engagement schafft eine \u00e4u\u00dferst widerstandsf\u00e4hige Mikro\u00f6konomie. Die Messe fungiert sowohl als lebendiges kulturelles Fest als auch als entscheidender Wirtschaftsmotor f\u00fcr eine nachhaltige Landwirtschaft auf dem gesamten Archipel.<\/p>\n<div class=\"seo-promo\" style=\"display: flex;flex-direction: column;gap: 24px;margin: 56px 0;padding: 40px;position: relative;overflow: hidden;background: #ffffff;border-radius: 16px;border: 1px solid #e5e7eb;box-shadow: 0 10px 40px rgba(0, 0, 0, 0.08);\">\n<div class=\"seo-promo-glow\" style=\"display: none;\"><\/div>\n<div class=\"seo-promo-content\" style=\"position: relative;z-index: 1;\">\n<h3 style=\"font-family: 'Inter', system-ui, -apple-system, sans-serif;color: #111827;line-height: 1.3;margin-top: 0;margin-bottom: 16px;font-size: 26px;letter-spacing: -0.01em;font-weight: 600;\">Im Fokus: Montesi\u00f3n Selecci\u00f3n Privada 2021<\/h3>\n<p style=\"margin-bottom: 32px;color: #4b5563;font-size: 18px;font-family: 'Inter', system-ui, -apple-system, sans-serif;line-height: 1.7;\">Erleben Sie den H\u00f6hepunkt unseres biodynamischen Weinbaus mit dieser erlesenen Selektion, die die Essenz unseres Insel-Terroirs perfekt einf\u00e4ngt.<\/p>\n<p><a class=\"seo-promo-btn\" href=\"https:\/\/montesionwineestate.com\/producto\/montesion-seleccion-privada-2021\/\" style=\"text-decoration: none !important;color: #ffffff !important;display: inline-block;padding: 14px 32px;background: #000000;border-radius: 8px;font-size: 16px;border: 1px solid #000000;text-align: center;max-width: max-content;transition: all 0.2s ease;text-underline-offset: 4px;font-weight: 600;\">Produkt ansehen<\/a><\/div>\n<\/div>\n<h2 style=\"font-family: 'Inter', system-ui, -apple-system, sans-serif;color: #111827;line-height: 1.3;margin-top: 48px;margin-bottom: 24px;font-size: 36px;letter-spacing: -0.02em;font-weight: 700;\">Warum sind Callet und Manto Negro f\u00fcr Weine aus der Serra de Tramuntana unverzichtbar?<\/h2>\n<p style=\"margin-bottom: 32px;color: #4b5563;font-size: 20px;font-family: 'Inter', system-ui, -apple-system, sans-serif;line-height: 1.8;\">Die dramatischen Kalksteingipfel und die Meeresbrisen der nordwestlichen Bergkette schaffen eine herausfordernde, aber \u00e4u\u00dferst lohnende Umgebung f\u00fcr den Weinbau. Weine aus der Serra de Tramuntana werden durch dieses raue Terroir definiert, doch ihr wahrer Charakter entfaltet sich erst durch den Anbau autochthoner Rebsorten, die sich \u00fcber Jahrhunderte an die spezifischen Mikroklimata der Insel angepasst haben. Sorten wie <a href=\"https:\/\/montesionwineestate.com\/producto\/montesion-callet-limited-edition-2007\/\" style=\"text-decoration: underline;text-underline-offset: 4px;color: #111827;font-weight: 600;\">Callet<\/a>, Manto Negro und Prensal Blanc besitzen eine angeborene Widerstandsf\u00e4higkeit gegen die intensive mediterrane Sonne und sporadische Regenf\u00e4lle, was sie perfekt f\u00fcr den Trockenfeldbau und einen weinbaulichen Ansatz mit minimalen Eingriffen macht.<\/p>\n<p style=\"margin-bottom: 32px;color: #4b5563;font-size: 20px;font-family: 'Inter', system-ui, -apple-system, sans-serif;line-height: 1.8;\">Der Anbau einheimischer Trauben ist ein Grundpfeiler authentischer Insel-Weinherstellung. Callet bietet einen wunderbar erfrischenden Kontrast zu den schweren, extraktionsbetonten Weinen, die einst den Weltmarkt dominierten. Manto Negro bringt W\u00e4rme, eine Komplexit\u00e4t roter Fr\u00fcchte und eine ausgepr\u00e4gte kr\u00e4uterige Note mit, die perfekt die wilde Macchia widerspiegelt, die neben den Weinbergen w\u00e4chst.<\/p>\n<p style=\"margin-bottom: 32px;color: #4b5563;font-size: 20px;font-family: 'Inter', system-ui, -apple-system, sans-serif;line-height: 1.8;\">Wenn diese spezifischen Sorten nach strengen Demeter-Zertifizierungsstandards angebaut werden, wird ihr Ausdruck noch transparenter. Biodynamische Praktiken f\u00f6rdern aktiv das mikrobiologische Leben des Bodens, wodurch die Wurzelsysteme dieser alten Reben tiefer in das Kalksteingestein eindringen k\u00f6nnen. Die Bedeutung dieser Trauben auf regionalen Messen unterstreicht eine breitere Abkehr von austauschbaren Rebsorten zugunsten einer tief verwurzelten lokalen Identit\u00e4t, wodurch das genetische Erbe der Balearen erfolgreich bewahrt wird.<\/p>\n<h2 style=\"font-family: 'Inter', system-ui, -apple-system, sans-serif;color: #111827;line-height: 1.3;margin-top: 48px;margin-bottom: 24px;font-size: 36px;letter-spacing: -0.02em;font-weight: 700;\">Welchen wirtschaftlichen Einfluss haben lokale Produkte aus Mallorca?<\/h2>\n<p style=\"margin-bottom: 32px;color: #4b5563;font-size: 20px;font-family: 'Inter', system-ui, -apple-system, sans-serif;line-height: 1.8;\">Das kommerzielle \u00d6kosystem rund um handwerkliche Produkte hat sich dramatisch gewandelt, da Verbraucher zunehmend Herkunft \u00fcber reine Bequemlichkeit stellen. Die F\u00f6rderung lokaler Produkte aus Mallorca geht weit \u00fcber eine einfache geografische Pr\u00e4ferenz hinaus; sie steht f\u00fcr ein entschlossenes Bekenntnis zu Kreislaufwirtschaften und den Erhalt l\u00e4ndlicher Lebensgrundlagen. Der Agrarsektor auf der Insel ist stark auf den Mehrwert angewiesen, der mit authentischen, handgefertigten Waren verbunden ist \u2013 von kaltgepressten Oliven\u00f6len bis hin zu naturbelassenen Weinen mit minimalen Eingriffen.<\/p>\n<p style=\"margin-bottom: 32px;color: #4b5563;font-size: 20px;font-family: 'Inter', system-ui, -apple-system, sans-serif;line-height: 1.8;\">Marktanalysen zeigen, dass Touristen wie Einheimische bereit sind, bis zu 40 % mehr f\u00fcr Produkte auszugeben, die eine klare \u00f6kologische Verantwortung und eine nachgewiesene lokale Herkunft aufweisen. Dieser wirtschaftliche Aufschlag ist absolut lebenswichtig f\u00fcr das \u00dcberleben kleiner landwirtschaftlicher Betriebe, die bei reinen Mengen nicht mit der industriellen Landwirtschaft konkurrieren k\u00f6nnen. Indem sie sich intensiv auf Qualit\u00e4t, \u00f6kologische Integrit\u00e4t und direkte Vertriebskan\u00e4le wie regionale Messen konzentrieren, sichern diese engagierten Erzeuger h\u00f6here Margen und bauen einen treuen Kundenstamm auf.<\/p>\n<div class=\"seo-table-wrapper\" style=\"background: #ffffff;border-radius: 12px;border: 1px solid rgba(0, 0, 0, 0.15);box-shadow: 0 4px 12px rgba(0, 0, 0, 0.06);padding: 12px;margin: 48px 0;overflow-x: auto;\">\n<table style=\"width: 100%;border-collapse: collapse;text-align: left;\">\n<thead>\n<tr>\n<th style=\"background: rgb(235, 235, 235);padding: 16px 20px;font-weight: 600;border-bottom: 2px solid rgba(0, 0, 0, 0.2);color: #000000;text-transform: uppercase;letter-spacing: 0.05em;font-size: 14px;\">Landwirtschaftliches Modell<\/th>\n<th style=\"background: rgb(235, 235, 235);padding: 16px 20px;font-weight: 600;border-bottom: 2px solid rgba(0, 0, 0, 0.2);color: #000000;text-transform: uppercase;letter-spacing: 0.05em;font-size: 14px;\">Auswirkung auf den Boden<\/th>\n<th style=\"background: rgb(235, 235, 235);padding: 16px 20px;font-weight: 600;border-bottom: 2px solid rgba(0, 0, 0, 0.2);color: #000000;text-transform: uppercase;letter-spacing: 0.05em;font-size: 14px;\">Marktpositionierung<\/th>\n<th style=\"background: rgb(235, 235, 235);padding: 16px 20px;font-weight: 600;border-bottom: 2px solid rgba(0, 0, 0, 0.2);color: #000000;text-transform: uppercase;letter-spacing: 0.05em;font-size: 14px;\">Wirtschaftliche Resilienz<\/th>\n<\/tr>\n<\/thead>\n<tbody>\n<tr>\n<td style=\"padding: 16px 20px;border-bottom: 1px solid rgba(0, 0, 0, 0.1);color: #4b5563;font-size: 16px;\">Konventionelle Landwirtschaft<\/td>\n<td style=\"padding: 16px 20px;border-bottom: 1px solid rgba(0, 0, 0, 0.1);color: #4b5563;font-size: 16px;\">Schnelle Ersch\u00f6pfung organischer Substanz<\/td>\n<td style=\"padding: 16px 20px;border-bottom: 1px solid rgba(0, 0, 0, 0.1);color: #4b5563;font-size: 16px;\">Mengenorientiert, geringe Marge<\/td>\n<td style=\"padding: 16px 20px;border-bottom: 1px solid rgba(0, 0, 0, 0.1);color: #4b5563;font-size: 16px;\">Anf\u00e4llig f\u00fcr globale Lieferketten<\/td>\n<\/tr>\n<tr>\n<td style=\"padding: 16px 20px;border-bottom: 1px solid rgba(0, 0, 0, 0.1);color: #4b5563;font-size: 16px;\">Biodynamische Systeme<\/td>\n<td style=\"padding: 16px 20px;border-bottom: 1px solid rgba(0, 0, 0, 0.1);color: #4b5563;font-size: 16px;\">Aktive Regeneration der \u00d6kosysteme<\/td>\n<td style=\"padding: 16px 20px;border-bottom: 1px solid rgba(0, 0, 0, 0.1);color: #4b5563;font-size: 16px;\">Ultra-Premium, Terroir-fokussiert<\/td>\n<td style=\"padding: 16px 20px;border-bottom: 1px solid rgba(0, 0, 0, 0.1);color: #4b5563;font-size: 16px;\">Sehr widerstandsf\u00e4hig, geschlossene Kreisl\u00e4ufe<\/td>\n<\/tr>\n<\/tbody>\n<\/table>\n<\/div>\n<p style=\"margin-bottom: 32px;color: #4b5563;font-size: 20px;font-family: 'Inter', system-ui, -apple-system, sans-serif;line-height: 1.8;\">Dieser klare wirtschaftliche Rahmen beweist, dass \u00f6kologische Landwirtschaft eine \u00e4u\u00dferst robuste Gesch\u00e4ftsstrategie ist. Die langfristige finanzielle Tragf\u00e4higkeit dieser nachhaltigen Modelle stellt sicher, dass die malerischen l\u00e4ndlichen Landschaften der Insel aktiv bewirtschaftet bleiben, anstatt der kommerziellen Erschlie\u00dfung zum Opfer zu fallen.<\/p>\n<h2 style=\"font-family: 'Inter', system-ui, -apple-system, sans-serif;color: #111827;line-height: 1.3;margin-top: 48px;margin-bottom: 24px;font-size: 36px;letter-spacing: -0.02em;font-weight: 700;\">Das bleibende Erbe der Insel-Landwirtschaft<\/h2>\n<p style=\"margin-bottom: 32px;color: #4b5563;font-size: 20px;font-family: 'Inter', system-ui, -apple-system, sans-serif;line-height: 1.8;\">Die Transformation regionaler landwirtschaftlicher Veranstaltungen spiegelt einen tiefgreifenden Wandel in der Wertsch\u00e4tzung von Lebensmitteln, Landwirtschaft und \u00f6kologischer Verantwortung wider. Die lebendigen Pr\u00e4sentationen auf der Fira d&#8217;Andratx 2026 zeigen, dass die Zukunft der Insel-Landwirtschaft in einem tiefen Respekt vor \u00fcberlieferten Praktiken in Kombination mit strengen modernen \u00f6kologischen Standards liegt. Die Ausweitung der Bio-Fl\u00e4chen, der konsequente Schutz autochthoner Rebsorten wie Callet und Manto Negro sowie die Integration eines nachhaltigen Tourismus deuten auf eine \u00e4u\u00dferst widerstandsf\u00e4hige, florierende l\u00e4ndliche Wirtschaft hin.<\/p>\n<p style=\"margin-bottom: 32px;color: #4b5563;font-size: 20px;font-family: 'Inter', system-ui, -apple-system, sans-serif;line-height: 1.8;\">Verbraucher haben bei dieser anhaltenden landwirtschaftlichen Renaissance eine enorme Macht. Jede Entscheidung, lokale Handwerker zu unterst\u00fctzen, nach biodynamischen Zertifizierungen zu suchen und sich an gemeinschaftsorientierten Veranstaltungen zu beteiligen, finanziert aktiv die Regeneration der mediterranen Landschaft. Dieses unersch\u00fctterliche Engagement f\u00fcr \u00f6kologische Harmonie und einheimische Sorten stellt sicher, dass der authentische Geist der Insel f\u00fcr kommende Generationen gedeihen wird und setzt einen gl\u00e4nzenden Ma\u00dfstab f\u00fcr nachhaltigen Weinbau weltweit.<\/p>\n<div class=\"seo-cta-container\" style=\"text-align: center;margin: 56px 0;\"><a class=\"seo-cta-btn\" href=\"https:\/\/montesionwineestate.com\/\" style=\"text-decoration: none !important;color: #ffffff !important;display: inline-block;padding: 16px 40px;background: #000000;border: 1px solid #000000;border-radius: 8px;font-size: 18px;box-shadow: 0 4px 14px rgba(0, 0, 0, 0.1);transition: all 0.2s ease;text-underline-offset: 4px;font-weight: 600;\">Buchen Sie jetzt Ihre Verkostung im Montesion Wine Estate<\/a><\/div>\n<section class=\"faq-section\" style=\"margin-top: 56px;padding-top: 32px;border-top: 1px solid #e5e7eb;\">\n<h2 style=\"font-family: 'Inter', system-ui, -apple-system, sans-serif;color: #111827;line-height: 1.3;margin-top: 48px;margin-bottom: 24px;font-size: 36px;letter-spacing: -0.02em;font-weight: 700;\">H\u00e4ufig gestellte Fragen<\/h2>\n<h3 style=\"font-family: 'Inter', system-ui, -apple-system, sans-serif;color: #111827;line-height: 1.3;margin-top: 40px;margin-bottom: 20px;font-size: 28px;letter-spacing: -0.01em;font-weight: 600;\">Wann findet die Fira d&#8217;Andratx 2026 statt?<\/h3>\n<p style=\"margin-bottom: 32px;color: #4b5563;font-size: 20px;font-family: 'Inter', system-ui, -apple-system, sans-serif;line-height: 1.8;\">Die j\u00e4hrliche Fira d&#8217;Andratx ist offiziell f\u00fcr den 27. und 28. M\u00e4rz 2026 angesetzt. Diese dynamische zweit\u00e4gige Veranstaltung verwandelt das historische Stadtzentrum in einen gesch\u00e4ftigen Mittelpunkt f\u00fcr regionale Landwirtschaft, traditionelles Handwerk und lokale Gastronomie. Besucher erwartet ein umfassendes Ausstellungsangebot mit einheimischem Vieh, traditionellen landwirtschaftlichen Ger\u00e4ten und einer Vielzahl lokal erzeugter Produkte, darunter Oliven\u00f6l, K\u00e4se und regionale Weine.<\/p>\n<h3 style=\"font-family: 'Inter', system-ui, -apple-system, sans-serif;color: #111827;line-height: 1.3;margin-top: 40px;margin-bottom: 20px;font-size: 28px;letter-spacing: -0.01em;font-weight: 600;\">Warum ist die Demeter-Zertifizierung f\u00fcr mallorquinischen Wein wichtig?<\/h3>\n<p style=\"margin-bottom: 32px;color: #4b5563;font-size: 20px;font-family: 'Inter', system-ui, -apple-system, sans-serif;line-height: 1.8;\">Die Demeter-Zertifizierung gilt weltweit als h\u00f6chster Standard f\u00fcr biodynamische Landwirtschaft und stellt sicher, dass ein Weingut vollst\u00e4ndig als sich selbst erhaltendes, regeneratives \u00d6kosystem arbeitet. F\u00fcr den Weinbau auf der Insel garantiert diese strenge Zertifizierung, dass der Wein ohne synthetische Chemikalien hergestellt wird und nat\u00fcrliche Pr\u00e4parate verwendet werden, die die Vitalit\u00e4t des Bodens und die Artenvielfalt aktiv f\u00f6rdern. Dieser konsequent \u00f6kologische Ansatz ist entscheidend, um die fragile mediterrane Umwelt zu sch\u00fctzen und gleichzeitig Weine zu erzeugen, die einen reinen, unverf\u00e4lschten Ausdruck des lokalen Terroirs bieten.<\/p>\n<h3 style=\"font-family: 'Inter', system-ui, -apple-system, sans-serif;color: #111827;line-height: 1.3;margin-top: 40px;margin-bottom: 20px;font-size: 28px;letter-spacing: -0.01em;font-weight: 600;\">Welche autochthonen Rebsorten sind auf den Balearen am wichtigsten?<\/h3>\n<p style=\"margin-bottom: 32px;color: #4b5563;font-size: 20px;font-family: 'Inter', system-ui, -apple-system, sans-serif;line-height: 1.8;\">Die Balearen beheimaten mehrere einzigartige autochthone Rebsorten, die sich perfekt an das warme mediterrane Klima und die steinigen Kalksteinb\u00f6den angepasst haben. Zu den bekanntesten roten Trauben z\u00e4hlen Callet, das f\u00fcr seine hellen floralen Noten und Eleganz gesch\u00e4tzt wird, sowie Manto Negro, das Struktur, W\u00e4rme und komplexe Aromen roter Fr\u00fcchte verleiht. Bei den Wei\u00dfweinen ist Prensal Blanc die wichtigste einheimische Sorte, die eine erfrischende S\u00e4ure und zarte Aromen von Obstgartenfr\u00fcchten bietet, die unter der intensiven Inselsonne hervorragend gedeihen.<\/p>\n<h3 style=\"font-family: 'Inter', system-ui, -apple-system, sans-serif;color: #111827;line-height: 1.3;margin-top: 40px;margin-bottom: 20px;font-size: 28px;letter-spacing: -0.01em;font-weight: 600;\">Wie beeinflusst \u00f6kologischer Anbau den Geschmack von spanischem Naturwein?<\/h3>\n<p style=\"margin-bottom: 32px;color: #4b5563;font-size: 20px;font-family: 'Inter', system-ui, -apple-system, sans-serif;line-height: 1.8;\">\u00d6kologische und biodynamische Anbaumethoden beeinflussen das Geschmacksprofil von Naturweinen ma\u00dfgeblich, indem sie ges\u00fcndere B\u00f6den f\u00f6rdern. Reben, die ohne synthetische D\u00fcngemittel wachsen, entwickeln von Natur aus tiefere Wurzelsysteme, um essentielle N\u00e4hrstoffe aufzunehmen, was sich direkt in einer h\u00f6heren mineralischen Komplexit\u00e4t des fertigen Weins niederschl\u00e4gt. Das vollst\u00e4ndige Fehlen systemischer Pestizide erm\u00f6glicht es den nat\u00fcrlichen Hefepopulationen auf den Traubenschalen zu gedeihen, was spontane G\u00e4rungen erm\u00f6glicht, die zu \u00e4u\u00dferst komplexen und aromatisch vielf\u00e4ltigen Weinen f\u00fchren.<\/p>\n<\/section>\n<\/article>\n<\/div>\n","protected":false},"excerpt":{"rendered":"<p>Die Fira d&#8217;Andratx 2026 findet am 27. und 28. M\u00e4rz statt und verwandelt die historische Stadt in ein lebendiges Zentrum f\u00fcr regionale Gastronomie, traditionelles Handwerk und mallorquinischen Weinbau. Diese Veranstaltung unterstreicht den landwirtschaftlichen Reichtum der Region und bietet nachhaltigen Erzeugern wie dem Montesion Wine Estate eine Plattform, um autochthone Rebsorten wie Callet und Manto Negro [&hellip;]<\/p>\n","protected":false},"author":7,"featured_media":4081,"comment_status":"closed","ping_status":"closed","sticky":false,"template":"","format":"standard","meta":{"_acf_changed":false,"_yoast_wpseo_focuskw":"Fira d'Andratx 2026","_yoast_wpseo_title":"Fira d'Andratx 2026: Wein-Trends & Biodynamik | Montesion","_yoast_wpseo_metadesc":"Erleben Sie die Fira d'Andratx 2026: Entdecken Sie mallorquinische Weine, autochthone Rebsorten und nachhaltigen Weinbau bei Montesion Wine Estate.","_jetpack_memberships_contains_paid_content":false,"footnotes":""},"categories":[140,141],"tags":[],"class_list":["post-3656","post","type-post","status-publish","format-standard","has-post-thumbnail","hentry","category-blog"],"acf":[],"yoast_head":"<!-- This site is optimized with the Yoast SEO plugin v26.8 - https:\/\/yoast.com\/product\/yoast-seo-wordpress\/ -->\n<title>Fira d&#039;Andratx 2026: Wein-Trends &amp; Biodynamik | Montesion<\/title>\n<meta name=\"description\" content=\"Erleben Sie die Fira d&#039;Andratx 2026: Entdecken Sie mallorquinische Weine, autochthone Rebsorten und nachhaltigen Weinbau bei Montesion Wine Estate.\" \/>\n<meta name=\"robots\" content=\"index, follow, max-snippet:-1, max-image-preview:large, max-video-preview:-1\" \/>\n<link rel=\"canonical\" href=\"https:\/\/montesionwineestate.com\/de\/fira-andratx-2026-mallorca-wein\/\" \/>\n<meta property=\"og:locale\" content=\"de_DE\" \/>\n<meta property=\"og:type\" content=\"article\" \/>\n<meta property=\"og:title\" content=\"Fira d&#039;Andratx 2026: Wein-Trends &amp; Biodynamik | Montesion\" \/>\n<meta property=\"og:description\" content=\"Erleben Sie die Fira d&#039;Andratx 2026: Entdecken Sie mallorquinische Weine, autochthone Rebsorten und nachhaltigen Weinbau bei Montesion Wine Estate.\" \/>\n<meta property=\"og:url\" content=\"https:\/\/montesionwineestate.com\/de\/fira-andratx-2026-mallorca-wein\/\" \/>\n<meta property=\"og:site_name\" content=\"Montesion Wine Estate\" \/>\n<meta property=\"article:published_time\" content=\"2026-04-09T09:10:36+00:00\" \/>\n<meta property=\"article:modified_time\" content=\"2026-04-23T09:26:35+00:00\" \/>\n<meta property=\"og:image\" content=\"https:\/\/montesionwineestate.com\/wp-content\/uploads\/2026\/04\/fira-andratx-2026-biodynamic-wine-featured.webp\" \/>\n\t<meta property=\"og:image:width\" content=\"1376\" \/>\n\t<meta property=\"og:image:height\" content=\"768\" \/>\n\t<meta property=\"og:image:type\" content=\"image\/webp\" \/>\n<meta name=\"author\" content=\"nataliaflap\" \/>\n<meta name=\"twitter:card\" content=\"summary_large_image\" \/>\n<meta name=\"twitter:label1\" content=\"Verfasst von\" \/>\n\t<meta name=\"twitter:data1\" content=\"nataliaflap\" \/>\n\t<meta name=\"twitter:label2\" content=\"Gesch\u00e4tzte Lesezeit\" \/>\n\t<meta name=\"twitter:data2\" content=\"7\u00a0Minuten\" \/>\n<script type=\"application\/ld+json\" class=\"yoast-schema-graph\">{\"@context\":\"https:\/\/schema.org\",\"@graph\":[{\"@type\":\"Article\",\"@id\":\"https:\/\/montesionwineestate.com\/de\/fira-andratx-2026-mallorca-wein\/#article\",\"isPartOf\":{\"@id\":\"https:\/\/montesionwineestate.com\/de\/fira-andratx-2026-mallorca-wein\/\"},\"author\":{\"name\":\"nataliaflap\",\"@id\":\"https:\/\/montesionwineestate.com\/de\/#\/schema\/person\/97f80e66620d63f38a2b8f52ac51e7a8\"},\"headline\":\"Fira d&#8217;Andratx 2026: Biodynamischer Weinbau auf Mallorca\",\"datePublished\":\"2026-04-09T09:10:36+00:00\",\"dateModified\":\"2026-04-23T09:26:35+00:00\",\"mainEntityOfPage\":{\"@id\":\"https:\/\/montesionwineestate.com\/de\/fira-andratx-2026-mallorca-wein\/\"},\"wordCount\":1545,\"publisher\":{\"@id\":\"https:\/\/montesionwineestate.com\/de\/#organization\"},\"image\":{\"@id\":\"https:\/\/montesionwineestate.com\/de\/fira-andratx-2026-mallorca-wein\/#primaryimage\"},\"thumbnailUrl\":\"https:\/\/montesionwineestate.com\/wp-content\/uploads\/2026\/04\/fira-andratx-2026-biodynamic-wine-featured.webp\",\"articleSection\":[\"Blog\",\"Blog\"],\"inLanguage\":\"de\"},{\"@type\":\"WebPage\",\"@id\":\"https:\/\/montesionwineestate.com\/de\/fira-andratx-2026-mallorca-wein\/\",\"url\":\"https:\/\/montesionwineestate.com\/de\/fira-andratx-2026-mallorca-wein\/\",\"name\":\"Fira d'Andratx 2026: Wein-Trends & Biodynamik | Montesion\",\"isPartOf\":{\"@id\":\"https:\/\/montesionwineestate.com\/de\/#website\"},\"primaryImageOfPage\":{\"@id\":\"https:\/\/montesionwineestate.com\/de\/fira-andratx-2026-mallorca-wein\/#primaryimage\"},\"image\":{\"@id\":\"https:\/\/montesionwineestate.com\/de\/fira-andratx-2026-mallorca-wein\/#primaryimage\"},\"thumbnailUrl\":\"https:\/\/montesionwineestate.com\/wp-content\/uploads\/2026\/04\/fira-andratx-2026-biodynamic-wine-featured.webp\",\"datePublished\":\"2026-04-09T09:10:36+00:00\",\"dateModified\":\"2026-04-23T09:26:35+00:00\",\"description\":\"Erleben Sie die Fira d'Andratx 2026: Entdecken Sie mallorquinische Weine, autochthone Rebsorten und nachhaltigen Weinbau bei Montesion Wine Estate.\",\"breadcrumb\":{\"@id\":\"https:\/\/montesionwineestate.com\/de\/fira-andratx-2026-mallorca-wein\/#breadcrumb\"},\"inLanguage\":\"de\",\"potentialAction\":[{\"@type\":\"ReadAction\",\"target\":[\"https:\/\/montesionwineestate.com\/de\/fira-andratx-2026-mallorca-wein\/\"]}]},{\"@type\":\"ImageObject\",\"inLanguage\":\"de\",\"@id\":\"https:\/\/montesionwineestate.com\/de\/fira-andratx-2026-mallorca-wein\/#primaryimage\",\"url\":\"https:\/\/montesionwineestate.com\/wp-content\/uploads\/2026\/04\/fira-andratx-2026-biodynamic-wine-featured.webp\",\"contentUrl\":\"https:\/\/montesionwineestate.com\/wp-content\/uploads\/2026\/04\/fira-andratx-2026-biodynamic-wine-featured.webp\",\"width\":1376,\"height\":768,\"caption\":\"Fira d'Andratx 2026 \u2014 Sunlit vineyard in Mallorca with limestone soil, rows of vines, Mediterranean landscape, warm natural lighting, high quality.\"},{\"@type\":\"BreadcrumbList\",\"@id\":\"https:\/\/montesionwineestate.com\/de\/fira-andratx-2026-mallorca-wein\/#breadcrumb\",\"itemListElement\":[{\"@type\":\"ListItem\",\"position\":1,\"name\":\"Home\",\"item\":\"https:\/\/montesionwineestate.com\/de\/\"},{\"@type\":\"ListItem\",\"position\":2,\"name\":\"Fira d&#8217;Andratx 2026: Biodynamischer Weinbau auf Mallorca\"}]},{\"@type\":\"WebSite\",\"@id\":\"https:\/\/montesionwineestate.com\/de\/#website\",\"url\":\"https:\/\/montesionwineestate.com\/de\/\",\"name\":\"Montesion Wine Estate\",\"description\":\"Certified Bio Dynamic winery\",\"publisher\":{\"@id\":\"https:\/\/montesionwineestate.com\/de\/#organization\"},\"potentialAction\":[{\"@type\":\"SearchAction\",\"target\":{\"@type\":\"EntryPoint\",\"urlTemplate\":\"https:\/\/montesionwineestate.com\/de\/?s={search_term_string}\"},\"query-input\":{\"@type\":\"PropertyValueSpecification\",\"valueRequired\":true,\"valueName\":\"search_term_string\"}}],\"inLanguage\":\"de\"},{\"@type\":\"Organization\",\"@id\":\"https:\/\/montesionwineestate.com\/de\/#organization\",\"name\":\"Montesi\u00f4n Wine Estate\",\"alternateName\":\"Montesi\u00f4n\",\"url\":\"https:\/\/montesionwineestate.com\/de\/\",\"logo\":{\"@type\":\"ImageObject\",\"inLanguage\":\"de\",\"@id\":\"https:\/\/montesionwineestate.com\/de\/#\/schema\/logo\/image\/\",\"url\":\"https:\/\/montesionwineestate.com\/wp-content\/uploads\/2024\/08\/logo-negro.svg\",\"contentUrl\":\"https:\/\/montesionwineestate.com\/wp-content\/uploads\/2024\/08\/logo-negro.svg\",\"caption\":\"Montesi\u00f4n Wine Estate\"},\"image\":{\"@id\":\"https:\/\/montesionwineestate.com\/de\/#\/schema\/logo\/image\/\"}},{\"@type\":\"Person\",\"@id\":\"https:\/\/montesionwineestate.com\/de\/#\/schema\/person\/97f80e66620d63f38a2b8f52ac51e7a8\",\"name\":\"nataliaflap\"}]}<\/script>\n<!-- \/ Yoast SEO plugin. -->","yoast_head_json":{"title":"Fira d'Andratx 2026: Wein-Trends & Biodynamik | Montesion","description":"Erleben Sie die Fira d'Andratx 2026: Entdecken Sie mallorquinische Weine, autochthone Rebsorten und nachhaltigen Weinbau bei Montesion Wine Estate.","robots":{"index":"index","follow":"follow","max-snippet":"max-snippet:-1","max-image-preview":"max-image-preview:large","max-video-preview":"max-video-preview:-1"},"canonical":"https:\/\/montesionwineestate.com\/de\/fira-andratx-2026-mallorca-wein\/","og_locale":"de_DE","og_type":"article","og_title":"Fira d'Andratx 2026: Wein-Trends & Biodynamik | Montesion","og_description":"Erleben Sie die Fira d'Andratx 2026: Entdecken Sie mallorquinische Weine, autochthone Rebsorten und nachhaltigen Weinbau bei Montesion Wine Estate.","og_url":"https:\/\/montesionwineestate.com\/de\/fira-andratx-2026-mallorca-wein\/","og_site_name":"Montesion Wine Estate","article_published_time":"2026-04-09T09:10:36+00:00","article_modified_time":"2026-04-23T09:26:35+00:00","og_image":[{"width":1376,"height":768,"url":"https:\/\/montesionwineestate.com\/wp-content\/uploads\/2026\/04\/fira-andratx-2026-biodynamic-wine-featured.webp","type":"image\/webp"}],"author":"nataliaflap","twitter_card":"summary_large_image","twitter_misc":{"Verfasst von":"nataliaflap","Gesch\u00e4tzte Lesezeit":"7\u00a0Minuten"},"schema":{"@context":"https:\/\/schema.org","@graph":[{"@type":"Article","@id":"https:\/\/montesionwineestate.com\/de\/fira-andratx-2026-mallorca-wein\/#article","isPartOf":{"@id":"https:\/\/montesionwineestate.com\/de\/fira-andratx-2026-mallorca-wein\/"},"author":{"name":"nataliaflap","@id":"https:\/\/montesionwineestate.com\/de\/#\/schema\/person\/97f80e66620d63f38a2b8f52ac51e7a8"},"headline":"Fira d&#8217;Andratx 2026: Biodynamischer Weinbau auf Mallorca","datePublished":"2026-04-09T09:10:36+00:00","dateModified":"2026-04-23T09:26:35+00:00","mainEntityOfPage":{"@id":"https:\/\/montesionwineestate.com\/de\/fira-andratx-2026-mallorca-wein\/"},"wordCount":1545,"publisher":{"@id":"https:\/\/montesionwineestate.com\/de\/#organization"},"image":{"@id":"https:\/\/montesionwineestate.com\/de\/fira-andratx-2026-mallorca-wein\/#primaryimage"},"thumbnailUrl":"https:\/\/montesionwineestate.com\/wp-content\/uploads\/2026\/04\/fira-andratx-2026-biodynamic-wine-featured.webp","articleSection":["Blog","Blog"],"inLanguage":"de"},{"@type":"WebPage","@id":"https:\/\/montesionwineestate.com\/de\/fira-andratx-2026-mallorca-wein\/","url":"https:\/\/montesionwineestate.com\/de\/fira-andratx-2026-mallorca-wein\/","name":"Fira d'Andratx 2026: Wein-Trends & Biodynamik | Montesion","isPartOf":{"@id":"https:\/\/montesionwineestate.com\/de\/#website"},"primaryImageOfPage":{"@id":"https:\/\/montesionwineestate.com\/de\/fira-andratx-2026-mallorca-wein\/#primaryimage"},"image":{"@id":"https:\/\/montesionwineestate.com\/de\/fira-andratx-2026-mallorca-wein\/#primaryimage"},"thumbnailUrl":"https:\/\/montesionwineestate.com\/wp-content\/uploads\/2026\/04\/fira-andratx-2026-biodynamic-wine-featured.webp","datePublished":"2026-04-09T09:10:36+00:00","dateModified":"2026-04-23T09:26:35+00:00","description":"Erleben Sie die Fira d'Andratx 2026: Entdecken Sie mallorquinische Weine, autochthone Rebsorten und nachhaltigen Weinbau bei Montesion Wine Estate.","breadcrumb":{"@id":"https:\/\/montesionwineestate.com\/de\/fira-andratx-2026-mallorca-wein\/#breadcrumb"},"inLanguage":"de","potentialAction":[{"@type":"ReadAction","target":["https:\/\/montesionwineestate.com\/de\/fira-andratx-2026-mallorca-wein\/"]}]},{"@type":"ImageObject","inLanguage":"de","@id":"https:\/\/montesionwineestate.com\/de\/fira-andratx-2026-mallorca-wein\/#primaryimage","url":"https:\/\/montesionwineestate.com\/wp-content\/uploads\/2026\/04\/fira-andratx-2026-biodynamic-wine-featured.webp","contentUrl":"https:\/\/montesionwineestate.com\/wp-content\/uploads\/2026\/04\/fira-andratx-2026-biodynamic-wine-featured.webp","width":1376,"height":768,"caption":"Fira d'Andratx 2026 \u2014 Sunlit vineyard in Mallorca with limestone soil, rows of vines, Mediterranean landscape, warm natural lighting, high quality."},{"@type":"BreadcrumbList","@id":"https:\/\/montesionwineestate.com\/de\/fira-andratx-2026-mallorca-wein\/#breadcrumb","itemListElement":[{"@type":"ListItem","position":1,"name":"Home","item":"https:\/\/montesionwineestate.com\/de\/"},{"@type":"ListItem","position":2,"name":"Fira d&#8217;Andratx 2026: Biodynamischer Weinbau auf Mallorca"}]},{"@type":"WebSite","@id":"https:\/\/montesionwineestate.com\/de\/#website","url":"https:\/\/montesionwineestate.com\/de\/","name":"Montesion Wine Estate","description":"Certified Bio Dynamic winery","publisher":{"@id":"https:\/\/montesionwineestate.com\/de\/#organization"},"potentialAction":[{"@type":"SearchAction","target":{"@type":"EntryPoint","urlTemplate":"https:\/\/montesionwineestate.com\/de\/?s={search_term_string}"},"query-input":{"@type":"PropertyValueSpecification","valueRequired":true,"valueName":"search_term_string"}}],"inLanguage":"de"},{"@type":"Organization","@id":"https:\/\/montesionwineestate.com\/de\/#organization","name":"Montesi\u00f4n Wine Estate","alternateName":"Montesi\u00f4n","url":"https:\/\/montesionwineestate.com\/de\/","logo":{"@type":"ImageObject","inLanguage":"de","@id":"https:\/\/montesionwineestate.com\/de\/#\/schema\/logo\/image\/","url":"https:\/\/montesionwineestate.com\/wp-content\/uploads\/2024\/08\/logo-negro.svg","contentUrl":"https:\/\/montesionwineestate.com\/wp-content\/uploads\/2024\/08\/logo-negro.svg","caption":"Montesi\u00f4n Wine Estate"},"image":{"@id":"https:\/\/montesionwineestate.com\/de\/#\/schema\/logo\/image\/"}},{"@type":"Person","@id":"https:\/\/montesionwineestate.com\/de\/#\/schema\/person\/97f80e66620d63f38a2b8f52ac51e7a8","name":"nataliaflap"}]}},"jetpack_featured_media_url":"https:\/\/montesionwineestate.com\/wp-content\/uploads\/2026\/04\/fira-andratx-2026-biodynamic-wine-featured.webp","jetpack_sharing_enabled":true,"_links":{"self":[{"href":"https:\/\/montesionwineestate.com\/de\/wp-json\/wp\/v2\/posts\/3656","targetHints":{"allow":["GET"]}}],"collection":[{"href":"https:\/\/montesionwineestate.com\/de\/wp-json\/wp\/v2\/posts"}],"about":[{"href":"https:\/\/montesionwineestate.com\/de\/wp-json\/wp\/v2\/types\/post"}],"author":[{"embeddable":true,"href":"https:\/\/montesionwineestate.com\/de\/wp-json\/wp\/v2\/users\/7"}],"replies":[{"embeddable":true,"href":"https:\/\/montesionwineestate.com\/de\/wp-json\/wp\/v2\/comments?post=3656"}],"version-history":[{"count":1,"href":"https:\/\/montesionwineestate.com\/de\/wp-json\/wp\/v2\/posts\/3656\/revisions"}],"predecessor-version":[{"id":4084,"href":"https:\/\/montesionwineestate.com\/de\/wp-json\/wp\/v2\/posts\/3656\/revisions\/4084"}],"wp:featuredmedia":[{"embeddable":true,"href":"https:\/\/montesionwineestate.com\/de\/wp-json\/wp\/v2\/media\/4081"}],"wp:attachment":[{"href":"https:\/\/montesionwineestate.com\/de\/wp-json\/wp\/v2\/media?parent=3656"}],"wp:term":[{"taxonomy":"category","embeddable":true,"href":"https:\/\/montesionwineestate.com\/de\/wp-json\/wp\/v2\/categories?post=3656"},{"taxonomy":"post_tag","embeddable":true,"href":"https:\/\/montesionwineestate.com\/de\/wp-json\/wp\/v2\/tags?post=3656"}],"curies":[{"name":"wp","href":"https:\/\/api.w.org\/{rel}","templated":true}]}}