{"id":4632,"date":"2026-04-26T06:02:36","date_gmt":"2026-04-26T04:02:36","guid":{"rendered":"https:\/\/montesionwineestate.com\/fira-del-vi-pollenca-2026\/"},"modified":"2026-04-29T13:23:50","modified_gmt":"2026-04-29T11:23:50","slug":"fira-del-vi-pollenca-2026","status":"publish","type":"post","link":"https:\/\/montesionwineestate.com\/de\/fira-del-vi-pollenca-2026\/","title":{"rendered":"Fira del Vi Pollen\u00e7a 2026: Die Zukunft des mallorquinischen Weinbaus"},"content":{"rendered":"<div class=\"seo-article\" style=\"font-family: 'Inter', system-ui, -apple-system, sans-serif;color: #111827;line-height: 1.7;font-size: 20px;\">\n<article>\n<p class=\"seo-intro\" style=\"font-weight: 500;letter-spacing: -0.01em;margin-bottom: 32px;color: #4b5563;font-size: 20px;font-family: 'Inter', system-ui, -apple-system, sans-serif;line-height: 1.8;\">Die Fira del Vi Pollen\u00e7a 2026 verwandelt das Convent de Sant Domingo in das Epizentrum des mediterranen Weinbaus. Diese 23. Ausgabe findet am 25. und 26. April statt. Die Veranstaltung r\u00fcckt 37 lokale Weing\u00fcter sowie 29 Gastwinzer aus dem DO Montsant in den Fokus. Besucher erleben einen direkten Austausch mit den Erzeugern und entdecken die florierende handwerkliche Produktion der Insel. Dabei stehen regenerative Anbaumethoden im Mittelpunkt, bei denen Weing\u00fcter wie das Montesion Wine Estate zeigen, wie gesunde B\u00f6den die Qualit\u00e4t autochthoner Rebsorten ma\u00dfgeblich steigern.<\/p>\n<p style=\"margin-bottom: 32px;color: #4b5563;font-size: 20px;font-family: 'Inter', system-ui, -apple-system, sans-serif;line-height: 1.8;\">Der Fr\u00fchling auf den Balearen verleiht dem landwirtschaftlichen Kalender eine unverwechselbare Energie. Tausende Weinliebhaber und Branchenexperten str\u00f6men an diesem Wochenende in die historische Stadt Pollen\u00e7a. Sie suchen weit mehr als nur eine einfache Verkostung. Die Besucher m\u00f6chten den tiefgreifenden Wandel verstehen, der sich derzeit in unseren regionalen Weinbergen vollzieht. Weinveranstaltungen auf Mallorca haben sich im letzten Jahrzehnt dramatisch gewandelt. W\u00e4hrend fr\u00fcher internationale Rebsorten das Bild dominierten, steht heute der Fokus auf lokalen mallorquinischen Weing\u00fctern und der Bewahrung des kulturellen Erbes im Vordergrund. Die Ausgabe 2026 dient somit als wichtiger Gradmesser f\u00fcr die Branche. Themen wie Klimaanpassung und Bodengesundheit dominieren die Gespr\u00e4che unter den Produzenten. Gleichzeitig fordert das Publikum im Weintourismus auf Mallorca mehr Transparenz bei den Anbaumethoden. Dieses Wochenende bietet daher einen einzigartigen Einblick in die Zukunft des Insel-Weinbaus. G\u00e4ste werden die greifbaren Unterschiede zwischen konventioneller Landwirtschaft und regenerativer Bewirtschaftung schmecken k\u00f6nnen. Die Messe beweist eindrucksvoll, dass die weinbauliche Identit\u00e4t unserer Insel so stark ist wie nie zuvor.<\/p>\n<h2 style=\"font-family: 'Inter', system-ui, -apple-system, sans-serif;color: #111827;line-height: 1.3;margin-top: 48px;margin-bottom: 24px;font-size: 36px;letter-spacing: -0.02em;font-weight: 700;\">Warum die Fira del Vi Pollen\u00e7a den mallorquinischen Weinkalender pr\u00e4gt<\/h2>\n<p style=\"margin-bottom: 32px;color: #4b5563;font-size: 20px;font-family: 'Inter', system-ui, -apple-system, sans-serif;line-height: 1.8;\">Die historischen Kreuzg\u00e4nge des Convent de Sant Domingo bieten eine beeindruckende Kulisse f\u00fcr diesen j\u00e4hrlichen Gipfel. An zwei Tagen schl\u00e4gt die Messe die Br\u00fccke zwischen historischer Tradition und moderner Innovation. Die Pr\u00e4senz von 37 regionalen Erzeugern verdeutlicht eine bemerkenswerte Renaissance des Weinbaus auf der Insel. Diese Weing\u00fcter pr\u00e4sentieren ihre ausdrucksst\u00e4rksten Flaschen direkt dem Publikum. Zudem schafft die Einladung von 29 Gastweing\u00fctern aus der Region DO Montsant ein faszinierendes Umfeld f\u00fcr vergleichende Verkostungen. Beide Regionen stehen vor \u00e4hnlichen klimatischen Herausforderungen im Mittelmeerraum, bringen jedoch ihren Terroir-Charakter durch v\u00f6llig unterschiedliche autochthone Rebsorten und Bodenbeschaffenheiten zum Ausdruck.<\/p>\n<p style=\"margin-bottom: 32px;color: #4b5563;font-size: 20px;font-family: 'Inter', system-ui, -apple-system, sans-serif;line-height: 1.8;\">Der direkte Kontakt zum Verbraucher bleibt der wichtigste Katalysator f\u00fcr den anhaltenden Erfolg dieser Veranstaltung. Besucher umgehen den Zwischenhandel und sprechen direkt mit den Menschen, die die Reben pflegen. Diese Gespr\u00e4che offenbaren eine wachsende fachliche Kompetenz der Konsumenten. K\u00e4ufer stellen h\u00e4ufig detaillierte Fragen zu Trockenfeldbau, Lesezeitpunkten und G\u00e4rbeh\u00e4ltern. Produzenten m\u00fcssen ihre landwirtschaftliche Philosophie daher mit absoluter Klarheit vermitteln. Die Messe verzichtet auf Marketing-Floskeln und belohnt stattdessen Transparenz und echtes Handwerk.<\/p>\n<h3 style=\"font-family: 'Inter', system-ui, -apple-system, sans-serif;color: #111827;line-height: 1.3;margin-top: 40px;margin-bottom: 20px;font-size: 28px;letter-spacing: -0.01em;font-weight: 600;\">Der Wandel hin zu handwerklichen Produktionsmethoden<\/h3>\n<p style=\"margin-bottom: 32px;color: #4b5563;font-size: 20px;font-family: 'Inter', system-ui, -apple-system, sans-serif;line-height: 1.8;\">Modelle der Massenproduktion bestimmen nicht l\u00e4nger das regionale Narrativ. Derzeit ziehen kleine, handwerklich arbeitende Weing\u00fcter die gr\u00f6\u00dfte Aufmerksamkeit von Kritikern und Sammlern auf sich. Diese Boutique-Betriebe priorisieren die Vitalit\u00e4t des Bodens gegen\u00fcber reinen Ertragsmengen. Viele Weing\u00fcter verzichten mittlerweile auf synthetische D\u00fcngemittel und setzen stattdessen auf nat\u00fcrliche Begr\u00fcnung. Dieser \u00dcbergang erfordert enorme Geduld und finanzielle Investitionen, doch die resultierenden Weine zeigen eine unbestreitbare Lebendigkeit.<\/p>\n<p style=\"margin-bottom: 32px;color: #4b5563;font-size: 20px;font-family: 'Inter', system-ui, -apple-system, sans-serif;line-height: 1.8;\">Die Teilnehmer aus dem DO Montsant erg\u00e4nzen diesen Wandel um eine wichtige Perspektive. Ihre Anwesenheit regt zu vitalen Dialogen \u00fcber die Bewirtschaftung alter Reben unter zunehmendem Hitzestress an. Sowohl mallorquinische als auch katalanische Erzeuger tauschen Strategien zum Laubmanagement und zur Wassereinsparung aus. Die Messe fungiert somit als informelles Symposium f\u00fcr klimaresilienten Weinbau. Die Besucher profitieren von diesem Austausch und schmecken die unmittelbaren Ergebnisse dieser Anpassungen direkt im Glas.<\/p>\n<div class=\"seo-promo\" style=\"display: flex;flex-direction: column;gap: 24px;margin: 56px 0;padding: 40px;position: relative;overflow: hidden;background: #ffffff;border-radius: 16px;border: 1px solid #e5e7eb;box-shadow: 0 10px 40px rgba(0, 0, 0, 0.08);\">\n<div class=\"seo-promo-glow\" style=\"display: none;\"><\/div>\n<div class=\"seo-promo-content\" style=\"position: relative;z-index: 1;\">\n<h3 style=\"font-family: 'Inter', system-ui, -apple-system, sans-serif;color: #111827;line-height: 1.3;margin-top: 0;margin-bottom: 16px;font-size: 26px;letter-spacing: -0.01em;font-weight: 600;\">Im Fokus: Montesi\u00f3n Callet Limited Edition 2007<\/h3>\n<p style=\"margin-bottom: 32px;color: #4b5563;font-size: 18px;font-family: 'Inter', system-ui, -apple-system, sans-serif;line-height: 1.7;\">Wer nach dem reinen, unverf\u00e4lschten Ausdruck des einzigartigen Kalkstein-Terroirs Mallorcas sucht, findet in diesem Wein die Seele der Insel. Diese limitierte Abf\u00fcllung bietet eine tiefe, resonante Verbindung zum Land und zeigt die Komplexit\u00e4t, die nur alte Reben hervorbringen k\u00f6nnen. Er ist das perfekte Herzst\u00fcck f\u00fcr ein anspruchsvolles Abendessen, das die mediterrane Gastronomie zelebriert.<\/p>\n<p><a class=\"seo-promo-btn\" href=\"https:\/\/montesionwineestate.com\/producto\/montesion-callet-limited-edition-2007\/\" style=\"text-decoration: none !important;color: #ffffff !important;display: inline-block;padding: 14px 32px;background: #000000;border-radius: 0px;font-size: 16px;border: 1px solid #000000;text-align: center;max-width: max-content;transition: all 0.2s ease;text-underline-offset: 4px;font-weight: 600;\">Produkt ansehen<\/a><\/div>\n<\/div>\n<p style=\"margin-bottom: 32px;color: #4b5563;font-size: 20px;font-family: 'Inter', system-ui, -apple-system, sans-serif;line-height: 1.8;\">Letztendlich setzt dieses Wochenende den Ma\u00dfstab f\u00fcr kommende Jahrg\u00e4nge. Die Veranstaltung bestimmt, welche stilistischen Trends die Weinkarten der Restaurants auf dem gesamten Archipel dominieren werden. Der Trend geht eindeutig in Richtung minimaler Intervention. Weintrinker suchen aktiv nach Flaschen, die ein spezifisches St\u00fcck Land widerspiegeln. Die Ausstellung beweist somit, dass Authentizit\u00e4t die wertvollste W\u00e4hrung im modernen Weinbau bleibt.<\/p>\n<h2 style=\"font-family: 'Inter', system-ui, -apple-system, sans-serif;color: #111827;line-height: 1.3;margin-top: 48px;margin-bottom: 24px;font-size: 36px;letter-spacing: -0.02em;font-weight: 700;\">Wie biodynamische Prinzipien Callet und Prensal Blanc transformieren<\/h2>\n<p style=\"margin-bottom: 32px;color: #4b5563;font-size: 20px;font-family: 'Inter', system-ui, -apple-system, sans-serif;line-height: 1.8;\">Die Diskussion \u00fcber biologischen Weinbau in Spanien endet oft bei der blo\u00dfen Vermeidung von Chemikalien. Eine echte Demeter-Zertifizierung erfordert jedoch eine viel tiefere Beziehung zum \u00d6kosystem. Die biodynamische Landwirtschaft betrachtet das gesamte Weingut als einen einzigen, sich selbst erhaltenden Organismus. Diese Philosophie erweist sich als besonders transformativ f\u00fcr einheimische Rebsorten wie <a href=\"https:\/\/montesionwineestate.com\/producto\/montesion-callet-limited-edition-2007\/\" style=\"text-decoration: underline;text-underline-offset: 4px;color: #111827;font-weight: 600;\">Callet<\/a> und Prensal Blanc. Diese Sorten haben sich \u00fcber Jahrhunderte entwickelt, um in unseren spezifischen, kalkreichen B\u00f6den zu gedeihen. Folglich besitzen sie eine einzigartige F\u00e4higkeit, die Nuancen ihrer Umgebung zu \u00fcbertragen.<\/p>\n<p style=\"margin-bottom: 32px;color: #4b5563;font-size: 20px;font-family: 'Inter', system-ui, -apple-system, sans-serif;line-height: 1.8;\">Konventionelle Landwirtschaft \u00fcberdeckt oft diese feinen sortentypischen Signaturen. Synthetische D\u00fcngemittel erzwingen unnat\u00fcrliche Wachstumssch\u00fcbe und verw\u00e4ssern die inh\u00e4rente Konzentration der Traube. Biodynamische Pr\u00e4parate hingegen stimulieren eine tiefe Wurzelentwicklung. Die Reben m\u00fcssen durch Schichten aus kompaktem Gestein dringen, um Wasser und N\u00e4hrstoffe zu finden. Die resultierenden Fr\u00fcchte entwickeln dickere Schalen und komplexere aromatische Profile. Dieser rigorose Prozess der nat\u00fcrlichen Selektion f\u00fchrt zu Weinen von au\u00dfergew\u00f6hnlicher Spannung und Energie.<\/p>\n<h3 style=\"font-family: 'Inter', system-ui, -apple-system, sans-serif;color: #111827;line-height: 1.3;margin-top: 40px;margin-bottom: 20px;font-size: 28px;letter-spacing: -0.01em;font-weight: 600;\">Das Terroir im Glas erleben<\/h3>\n<p style=\"margin-bottom: 32px;color: #4b5563;font-size: 20px;font-family: 'Inter', system-ui, -apple-system, sans-serif;line-height: 1.8;\">Der Unterschied wird bei vergleichenden Verkostungen sofort deutlich. Ein konventionell angebauter Callet mag angenehme Noten roter Fr\u00fcchte bieten, l\u00e4sst jedoch strukturelle Tiefe vermissen. Ein biodynamisch bewirtschaftetes Pendant hingegen offenbart Schichten von Wildkr\u00e4utern, zersto\u00dfenem Stein und w\u00fcrzigen Untert\u00f6nen. Die Montesi\u00f3n Callet Limited Edition 2007 demonstriert beispielsweise diese tiefe Verbindung zur Erde. Kraftvoll und k\u00f6rperreich, pr\u00e4sentiert sie rote Fr\u00fcchte und erdige Nuancen mit perfekt integrierten Tanninen. Dieser spezifische Ausdruck entsteht nur, wenn das Bodenmikrobiom v\u00f6llig ungest\u00f6rt bleibt.<\/p>\n<p style=\"margin-bottom: 32px;color: #4b5563;font-size: 20px;font-family: 'Inter', system-ui, -apple-system, sans-serif;line-height: 1.8;\">Ebenso erreichen wei\u00dfe Rebsorten unter regenerativen Protokollen eine beispiellose Klarheit. Das Fehlen systemischer Pestizide erm\u00f6glicht es nat\u00fcrlichen Hefen, auf den Traubenschalen zu gedeihen. Spontang\u00e4rungen verlaufen dadurch harmonisch und erfassen das pr\u00e4zise aromatische Abbild des Jahrgangs. Winzer vermeiden starke Manipulationen im Keller, da das Rohmaterial keiner Korrektur bedarf. Der resultierende Naturwein zeigt daher eine leuchtende Textur und eine lebendige S\u00e4ure.<\/p>\n<p style=\"margin-bottom: 32px;color: #4b5563;font-size: 20px;font-family: 'Inter', system-ui, -apple-system, sans-serif;line-height: 1.8;\">Das Engagement f\u00fcr Biodiversit\u00e4t geht weit \u00fcber die Rebzeilen hinaus. Die Integration von Tierhaltung, einheimischen W\u00e4ldern und Begr\u00fcnung schafft ein widerstandsf\u00e4higes \u00f6kologisches Gleichgewicht. Die Reben widerstehen so auf nat\u00fcrliche Weise dem Krankheitsdruck, ohne chemische Eingriffe. Dieser ganzheitliche Ansatz findet bei den Besuchern der Fira del Vi Pollen\u00e7a 2026 gro\u00dfen Anklang. Sie erkennen, dass au\u00dfergew\u00f6hnlicher Wein von den Balearen mit einer kompromisslosen Ehrfurcht vor dem Land beginnt. Die Verkostung dieser biodynamischen Weine vom Montesion Wine Estate bietet eine Meisterklasse in regionaler Identit\u00e4t.<\/p>\n<h2 style=\"font-family: 'Inter', system-ui, -apple-system, sans-serif;color: #111827;line-height: 1.3;margin-top: 48px;margin-bottom: 24px;font-size: 36px;letter-spacing: -0.02em;font-weight: 700;\">Die Zukunft des mediterranen Weinbaus im \u00dcberblick<\/h2>\n<p style=\"margin-bottom: 32px;color: #4b5563;font-size: 20px;font-family: 'Inter', system-ui, -apple-system, sans-serif;line-height: 1.8;\">Die Veranstaltung 2026 best\u00e4tigt einen dauerhaften Wandel in unserer regionalen Weinlandschaft. Qualit\u00e4t hat Quantit\u00e4t als treibende Kraft hinter dem Weinbau auf der Insel endg\u00fcltig abgel\u00f6st. Das \u00fcberw\u00e4ltigende Interesse an autochthonen Rebsorten unterstreicht den kollektiven Wunsch nach authentischen, ortsbezogenen Erlebnissen. Die Anwesenheit der Produzenten aus dem Montsant bereichert zudem den Dialog \u00fcber die Anpassung an das mediterrane Klima.<\/p>\n<p style=\"margin-bottom: 32px;color: #4b5563;font-size: 20px;font-family: 'Inter', system-ui, -apple-system, sans-serif;line-height: 1.8;\">Dar\u00fcber hinaus signalisiert die steigende Nachfrage nach Demeter-Zertifizierungen einen grundlegenden Wandel der Verbraucherwerte. Weintrinker erwarten heute absolute Transparenz hinsichtlich der landwirtschaftlichen Praktiken und der Kellerarbeit. Sie verstehen, dass gesunde B\u00f6den direkt in fesselnde, energetische Weine \u00fcbersetzt werden. Weing\u00fcter, die sich zu einer rigorosen regenerativen Landwirtschaft bekennen, genie\u00dfen daher eine beispiellose Unterst\u00fctzung durch die lokale Gemeinschaft.<\/p>\n<p style=\"margin-bottom: 32px;color: #4b5563;font-size: 20px;font-family: 'Inter', system-ui, -apple-system, sans-serif;line-height: 1.8;\">Das Event an diesem Wochenende verk\u00f6rpert perfekt den dynamischen Geist der landwirtschaftlichen Wiederbelebung unserer Insel. Die sorgf\u00e4ltige Pflege der einheimischen Rebsorten garantiert eine lebendige Zukunft f\u00fcr unser weinbauliches Erbe. Letztendlich stellt die Hingabe zu lebendigen B\u00f6den sicher, dass jeder Jahrgang eine v\u00f6llig einzigartige, unwiederholbare Geschichte erz\u00e4hlt.<\/p>\n<div class=\"seo-cta-container\" style=\"text-align: center;margin: 56px 0;\"><a class=\"seo-cta-btn\" href=\"https:\/\/montesionwineestate.com\/\" style=\"text-decoration: none !important;color: #ffffff !important;display: inline-block;padding: 16px 40px;background: #000000;border: 1px solid #000000;border-radius: 0px;font-size: 18px;box-shadow: 0 4px 14px rgba(0, 0, 0, 0.1);transition: all 0.2s ease;text-underline-offset: 4px;font-weight: 600;\">Besuchen Sie unser Demeter-zertifiziertes Weingut auf Mallorca<\/a><\/div>\n<\/article>\n<\/div>\n","protected":false},"excerpt":{"rendered":"<p>Die Fira del Vi Pollen\u00e7a 2026 verwandelt das Convent de Sant Domingo in das Epizentrum des mediterranen Weinbaus. Diese 23. Ausgabe findet am 25. und 26. April statt. Die Veranstaltung r\u00fcckt 37 lokale Weing\u00fcter sowie 29 Gastwinzer aus dem DO Montsant in den Fokus. Besucher erleben einen direkten Austausch mit den Erzeugern und entdecken die [&hellip;]<\/p>\n","protected":false},"author":7,"featured_media":4775,"comment_status":"closed","ping_status":"","sticky":false,"template":"","format":"standard","meta":{"_acf_changed":false,"_yoast_wpseo_focuskw":"Pollen\u00e7a Wine Fair 2026","_yoast_wpseo_title":"Fira del Vi Pollen\u00e7a 2026 | Weinmesse Mallorca | Montesion","_yoast_wpseo_metadesc":"Erleben Sie die Fira del Vi Pollen\u00e7a 2026. Entdecken Sie mallorquinische Weing\u00fcter, biodynamische Weine und die Zukunft des Weinbaus auf den Balearen.","_jetpack_memberships_contains_paid_content":false,"footnotes":""},"categories":[140,141],"tags":[],"class_list":["post-4632","post","type-post","status-publish","format-standard","has-post-thumbnail","hentry","category-blog"],"acf":[],"yoast_head":"<!-- This site is optimized with the Yoast SEO plugin v26.8 - https:\/\/yoast.com\/product\/yoast-seo-wordpress\/ -->\n<title>Fira del Vi Pollen\u00e7a 2026 | Weinmesse Mallorca | Montesion<\/title>\n<meta name=\"description\" content=\"Erleben Sie die Fira del Vi Pollen\u00e7a 2026. Entdecken Sie mallorquinische Weing\u00fcter, biodynamische Weine und die Zukunft des Weinbaus auf den Balearen.\" \/>\n<meta name=\"robots\" content=\"index, follow, max-snippet:-1, max-image-preview:large, max-video-preview:-1\" \/>\n<link rel=\"canonical\" href=\"https:\/\/montesionwineestate.com\/de\/fira-del-vi-pollenca-2026\/\" \/>\n<meta property=\"og:locale\" content=\"de_DE\" \/>\n<meta property=\"og:type\" content=\"article\" \/>\n<meta property=\"og:title\" content=\"Fira del Vi Pollen\u00e7a 2026 | Weinmesse Mallorca | Montesion\" \/>\n<meta property=\"og:description\" content=\"Erleben Sie die Fira del Vi Pollen\u00e7a 2026. Entdecken Sie mallorquinische Weing\u00fcter, biodynamische Weine und die Zukunft des Weinbaus auf den Balearen.\" \/>\n<meta property=\"og:url\" content=\"https:\/\/montesionwineestate.com\/de\/fira-del-vi-pollenca-2026\/\" \/>\n<meta property=\"og:site_name\" content=\"Montesion Wine Estate\" \/>\n<meta property=\"article:published_time\" content=\"2026-04-26T04:02:36+00:00\" \/>\n<meta property=\"article:modified_time\" content=\"2026-04-29T11:23:50+00:00\" \/>\n<meta property=\"og:image\" content=\"https:\/\/montesionwineestate.com\/wp-content\/uploads\/2026\/04\/pollenca-wine-fair-2026-featured-3-scaled.webp\" \/>\n\t<meta property=\"og:image:width\" content=\"2560\" \/>\n\t<meta property=\"og:image:height\" content=\"1429\" \/>\n\t<meta property=\"og:image:type\" content=\"image\/webp\" \/>\n<meta name=\"author\" content=\"nataliaflap\" \/>\n<meta name=\"twitter:card\" content=\"summary_large_image\" \/>\n<meta name=\"twitter:label1\" content=\"Verfasst von\" \/>\n\t<meta name=\"twitter:data1\" content=\"nataliaflap\" \/>\n\t<meta name=\"twitter:label2\" content=\"Gesch\u00e4tzte Lesezeit\" \/>\n\t<meta name=\"twitter:data2\" content=\"7\u00a0Minuten\" \/>\n<script type=\"application\/ld+json\" class=\"yoast-schema-graph\">{\"@context\":\"https:\/\/schema.org\",\"@graph\":[{\"@type\":\"Article\",\"@id\":\"https:\/\/montesionwineestate.com\/de\/fira-del-vi-pollenca-2026\/#article\",\"isPartOf\":{\"@id\":\"https:\/\/montesionwineestate.com\/de\/fira-del-vi-pollenca-2026\/\"},\"author\":{\"name\":\"nataliaflap\",\"@id\":\"https:\/\/montesionwineestate.com\/de\/#\/schema\/person\/97f80e66620d63f38a2b8f52ac51e7a8\"},\"headline\":\"Fira del Vi Pollen\u00e7a 2026: Die Zukunft des mallorquinischen Weinbaus\",\"datePublished\":\"2026-04-26T04:02:36+00:00\",\"dateModified\":\"2026-04-29T11:23:50+00:00\",\"mainEntityOfPage\":{\"@id\":\"https:\/\/montesionwineestate.com\/de\/fira-del-vi-pollenca-2026\/\"},\"wordCount\":1344,\"publisher\":{\"@id\":\"https:\/\/montesionwineestate.com\/de\/#organization\"},\"image\":{\"@id\":\"https:\/\/montesionwineestate.com\/de\/fira-del-vi-pollenca-2026\/#primaryimage\"},\"thumbnailUrl\":\"https:\/\/montesionwineestate.com\/wp-content\/uploads\/2026\/04\/pollenca-wine-fair-2026-featured-3-scaled.webp\",\"articleSection\":[\"Blog\",\"Blog\"],\"inLanguage\":\"de\"},{\"@type\":\"WebPage\",\"@id\":\"https:\/\/montesionwineestate.com\/de\/fira-del-vi-pollenca-2026\/\",\"url\":\"https:\/\/montesionwineestate.com\/de\/fira-del-vi-pollenca-2026\/\",\"name\":\"Fira del Vi Pollen\u00e7a 2026 | Weinmesse Mallorca | Montesion\",\"isPartOf\":{\"@id\":\"https:\/\/montesionwineestate.com\/de\/#website\"},\"primaryImageOfPage\":{\"@id\":\"https:\/\/montesionwineestate.com\/de\/fira-del-vi-pollenca-2026\/#primaryimage\"},\"image\":{\"@id\":\"https:\/\/montesionwineestate.com\/de\/fira-del-vi-pollenca-2026\/#primaryimage\"},\"thumbnailUrl\":\"https:\/\/montesionwineestate.com\/wp-content\/uploads\/2026\/04\/pollenca-wine-fair-2026-featured-3-scaled.webp\",\"datePublished\":\"2026-04-26T04:02:36+00:00\",\"dateModified\":\"2026-04-29T11:23:50+00:00\",\"description\":\"Erleben Sie die Fira del Vi Pollen\u00e7a 2026. Entdecken Sie mallorquinische Weing\u00fcter, biodynamische Weine und die Zukunft des Weinbaus auf den Balearen.\",\"breadcrumb\":{\"@id\":\"https:\/\/montesionwineestate.com\/de\/fira-del-vi-pollenca-2026\/#breadcrumb\"},\"inLanguage\":\"de\",\"potentialAction\":[{\"@type\":\"ReadAction\",\"target\":[\"https:\/\/montesionwineestate.com\/de\/fira-del-vi-pollenca-2026\/\"]}]},{\"@type\":\"ImageObject\",\"inLanguage\":\"de\",\"@id\":\"https:\/\/montesionwineestate.com\/de\/fira-del-vi-pollenca-2026\/#primaryimage\",\"url\":\"https:\/\/montesionwineestate.com\/wp-content\/uploads\/2026\/04\/pollenca-wine-fair-2026-featured-3-scaled.webp\",\"contentUrl\":\"https:\/\/montesionwineestate.com\/wp-content\/uploads\/2026\/04\/pollenca-wine-fair-2026-featured-3-scaled.webp\",\"width\":2560,\"height\":1429,\"caption\":\"Pollen\u00e7a Wine Fair 2026 \u2014 Ancient stone cloister courtyard, warm Mediterranean golden hour light, weathered limestone textures, soft shadows, rustic atmosphere, elegant and historic.\"},{\"@type\":\"BreadcrumbList\",\"@id\":\"https:\/\/montesionwineestate.com\/de\/fira-del-vi-pollenca-2026\/#breadcrumb\",\"itemListElement\":[{\"@type\":\"ListItem\",\"position\":1,\"name\":\"Home\",\"item\":\"https:\/\/montesionwineestate.com\/de\/\"},{\"@type\":\"ListItem\",\"position\":2,\"name\":\"Fira del Vi Pollen\u00e7a 2026: Die Zukunft des mallorquinischen Weinbaus\"}]},{\"@type\":\"WebSite\",\"@id\":\"https:\/\/montesionwineestate.com\/de\/#website\",\"url\":\"https:\/\/montesionwineestate.com\/de\/\",\"name\":\"Montesion Wine Estate\",\"description\":\"Certified Bio Dynamic winery\",\"publisher\":{\"@id\":\"https:\/\/montesionwineestate.com\/de\/#organization\"},\"potentialAction\":[{\"@type\":\"SearchAction\",\"target\":{\"@type\":\"EntryPoint\",\"urlTemplate\":\"https:\/\/montesionwineestate.com\/de\/?s={search_term_string}\"},\"query-input\":{\"@type\":\"PropertyValueSpecification\",\"valueRequired\":true,\"valueName\":\"search_term_string\"}}],\"inLanguage\":\"de\"},{\"@type\":\"Organization\",\"@id\":\"https:\/\/montesionwineestate.com\/de\/#organization\",\"name\":\"Montesi\u00f4n Wine Estate\",\"alternateName\":\"Montesi\u00f4n\",\"url\":\"https:\/\/montesionwineestate.com\/de\/\",\"logo\":{\"@type\":\"ImageObject\",\"inLanguage\":\"de\",\"@id\":\"https:\/\/montesionwineestate.com\/de\/#\/schema\/logo\/image\/\",\"url\":\"https:\/\/montesionwineestate.com\/wp-content\/uploads\/2024\/08\/logo-negro.svg\",\"contentUrl\":\"https:\/\/montesionwineestate.com\/wp-content\/uploads\/2024\/08\/logo-negro.svg\",\"caption\":\"Montesi\u00f4n Wine Estate\"},\"image\":{\"@id\":\"https:\/\/montesionwineestate.com\/de\/#\/schema\/logo\/image\/\"}},{\"@type\":\"Person\",\"@id\":\"https:\/\/montesionwineestate.com\/de\/#\/schema\/person\/97f80e66620d63f38a2b8f52ac51e7a8\",\"name\":\"nataliaflap\"}]}<\/script>\n<!-- \/ Yoast SEO plugin. -->","yoast_head_json":{"title":"Fira del Vi Pollen\u00e7a 2026 | Weinmesse Mallorca | Montesion","description":"Erleben Sie die Fira del Vi Pollen\u00e7a 2026. Entdecken Sie mallorquinische Weing\u00fcter, biodynamische Weine und die Zukunft des Weinbaus auf den Balearen.","robots":{"index":"index","follow":"follow","max-snippet":"max-snippet:-1","max-image-preview":"max-image-preview:large","max-video-preview":"max-video-preview:-1"},"canonical":"https:\/\/montesionwineestate.com\/de\/fira-del-vi-pollenca-2026\/","og_locale":"de_DE","og_type":"article","og_title":"Fira del Vi Pollen\u00e7a 2026 | Weinmesse Mallorca | Montesion","og_description":"Erleben Sie die Fira del Vi Pollen\u00e7a 2026. Entdecken Sie mallorquinische Weing\u00fcter, biodynamische Weine und die Zukunft des Weinbaus auf den Balearen.","og_url":"https:\/\/montesionwineestate.com\/de\/fira-del-vi-pollenca-2026\/","og_site_name":"Montesion Wine Estate","article_published_time":"2026-04-26T04:02:36+00:00","article_modified_time":"2026-04-29T11:23:50+00:00","og_image":[{"width":2560,"height":1429,"url":"https:\/\/montesionwineestate.com\/wp-content\/uploads\/2026\/04\/pollenca-wine-fair-2026-featured-3-scaled.webp","type":"image\/webp"}],"author":"nataliaflap","twitter_card":"summary_large_image","twitter_misc":{"Verfasst von":"nataliaflap","Gesch\u00e4tzte Lesezeit":"7\u00a0Minuten"},"schema":{"@context":"https:\/\/schema.org","@graph":[{"@type":"Article","@id":"https:\/\/montesionwineestate.com\/de\/fira-del-vi-pollenca-2026\/#article","isPartOf":{"@id":"https:\/\/montesionwineestate.com\/de\/fira-del-vi-pollenca-2026\/"},"author":{"name":"nataliaflap","@id":"https:\/\/montesionwineestate.com\/de\/#\/schema\/person\/97f80e66620d63f38a2b8f52ac51e7a8"},"headline":"Fira del Vi Pollen\u00e7a 2026: Die Zukunft des mallorquinischen Weinbaus","datePublished":"2026-04-26T04:02:36+00:00","dateModified":"2026-04-29T11:23:50+00:00","mainEntityOfPage":{"@id":"https:\/\/montesionwineestate.com\/de\/fira-del-vi-pollenca-2026\/"},"wordCount":1344,"publisher":{"@id":"https:\/\/montesionwineestate.com\/de\/#organization"},"image":{"@id":"https:\/\/montesionwineestate.com\/de\/fira-del-vi-pollenca-2026\/#primaryimage"},"thumbnailUrl":"https:\/\/montesionwineestate.com\/wp-content\/uploads\/2026\/04\/pollenca-wine-fair-2026-featured-3-scaled.webp","articleSection":["Blog","Blog"],"inLanguage":"de"},{"@type":"WebPage","@id":"https:\/\/montesionwineestate.com\/de\/fira-del-vi-pollenca-2026\/","url":"https:\/\/montesionwineestate.com\/de\/fira-del-vi-pollenca-2026\/","name":"Fira del Vi Pollen\u00e7a 2026 | Weinmesse Mallorca | Montesion","isPartOf":{"@id":"https:\/\/montesionwineestate.com\/de\/#website"},"primaryImageOfPage":{"@id":"https:\/\/montesionwineestate.com\/de\/fira-del-vi-pollenca-2026\/#primaryimage"},"image":{"@id":"https:\/\/montesionwineestate.com\/de\/fira-del-vi-pollenca-2026\/#primaryimage"},"thumbnailUrl":"https:\/\/montesionwineestate.com\/wp-content\/uploads\/2026\/04\/pollenca-wine-fair-2026-featured-3-scaled.webp","datePublished":"2026-04-26T04:02:36+00:00","dateModified":"2026-04-29T11:23:50+00:00","description":"Erleben Sie die Fira del Vi Pollen\u00e7a 2026. Entdecken Sie mallorquinische Weing\u00fcter, biodynamische Weine und die Zukunft des Weinbaus auf den Balearen.","breadcrumb":{"@id":"https:\/\/montesionwineestate.com\/de\/fira-del-vi-pollenca-2026\/#breadcrumb"},"inLanguage":"de","potentialAction":[{"@type":"ReadAction","target":["https:\/\/montesionwineestate.com\/de\/fira-del-vi-pollenca-2026\/"]}]},{"@type":"ImageObject","inLanguage":"de","@id":"https:\/\/montesionwineestate.com\/de\/fira-del-vi-pollenca-2026\/#primaryimage","url":"https:\/\/montesionwineestate.com\/wp-content\/uploads\/2026\/04\/pollenca-wine-fair-2026-featured-3-scaled.webp","contentUrl":"https:\/\/montesionwineestate.com\/wp-content\/uploads\/2026\/04\/pollenca-wine-fair-2026-featured-3-scaled.webp","width":2560,"height":1429,"caption":"Pollen\u00e7a Wine Fair 2026 \u2014 Ancient stone cloister courtyard, warm Mediterranean golden hour light, weathered limestone textures, soft shadows, rustic atmosphere, elegant and historic."},{"@type":"BreadcrumbList","@id":"https:\/\/montesionwineestate.com\/de\/fira-del-vi-pollenca-2026\/#breadcrumb","itemListElement":[{"@type":"ListItem","position":1,"name":"Home","item":"https:\/\/montesionwineestate.com\/de\/"},{"@type":"ListItem","position":2,"name":"Fira del Vi Pollen\u00e7a 2026: Die Zukunft des mallorquinischen Weinbaus"}]},{"@type":"WebSite","@id":"https:\/\/montesionwineestate.com\/de\/#website","url":"https:\/\/montesionwineestate.com\/de\/","name":"Montesion Wine Estate","description":"Certified Bio Dynamic winery","publisher":{"@id":"https:\/\/montesionwineestate.com\/de\/#organization"},"potentialAction":[{"@type":"SearchAction","target":{"@type":"EntryPoint","urlTemplate":"https:\/\/montesionwineestate.com\/de\/?s={search_term_string}"},"query-input":{"@type":"PropertyValueSpecification","valueRequired":true,"valueName":"search_term_string"}}],"inLanguage":"de"},{"@type":"Organization","@id":"https:\/\/montesionwineestate.com\/de\/#organization","name":"Montesi\u00f4n Wine Estate","alternateName":"Montesi\u00f4n","url":"https:\/\/montesionwineestate.com\/de\/","logo":{"@type":"ImageObject","inLanguage":"de","@id":"https:\/\/montesionwineestate.com\/de\/#\/schema\/logo\/image\/","url":"https:\/\/montesionwineestate.com\/wp-content\/uploads\/2024\/08\/logo-negro.svg","contentUrl":"https:\/\/montesionwineestate.com\/wp-content\/uploads\/2024\/08\/logo-negro.svg","caption":"Montesi\u00f4n Wine Estate"},"image":{"@id":"https:\/\/montesionwineestate.com\/de\/#\/schema\/logo\/image\/"}},{"@type":"Person","@id":"https:\/\/montesionwineestate.com\/de\/#\/schema\/person\/97f80e66620d63f38a2b8f52ac51e7a8","name":"nataliaflap"}]}},"jetpack_featured_media_url":"https:\/\/montesionwineestate.com\/wp-content\/uploads\/2026\/04\/pollenca-wine-fair-2026-featured-3-scaled.webp","jetpack_sharing_enabled":true,"_links":{"self":[{"href":"https:\/\/montesionwineestate.com\/de\/wp-json\/wp\/v2\/posts\/4632","targetHints":{"allow":["GET"]}}],"collection":[{"href":"https:\/\/montesionwineestate.com\/de\/wp-json\/wp\/v2\/posts"}],"about":[{"href":"https:\/\/montesionwineestate.com\/de\/wp-json\/wp\/v2\/types\/post"}],"author":[{"embeddable":true,"href":"https:\/\/montesionwineestate.com\/de\/wp-json\/wp\/v2\/users\/7"}],"replies":[{"embeddable":true,"href":"https:\/\/montesionwineestate.com\/de\/wp-json\/wp\/v2\/comments?post=4632"}],"version-history":[{"count":1,"href":"https:\/\/montesionwineestate.com\/de\/wp-json\/wp\/v2\/posts\/4632\/revisions"}],"predecessor-version":[{"id":4723,"href":"https:\/\/montesionwineestate.com\/de\/wp-json\/wp\/v2\/posts\/4632\/revisions\/4723"}],"wp:featuredmedia":[{"embeddable":true,"href":"https:\/\/montesionwineestate.com\/de\/wp-json\/wp\/v2\/media\/4775"}],"wp:attachment":[{"href":"https:\/\/montesionwineestate.com\/de\/wp-json\/wp\/v2\/media?parent=4632"}],"wp:term":[{"taxonomy":"category","embeddable":true,"href":"https:\/\/montesionwineestate.com\/de\/wp-json\/wp\/v2\/categories?post=4632"},{"taxonomy":"post_tag","embeddable":true,"href":"https:\/\/montesionwineestate.com\/de\/wp-json\/wp\/v2\/tags?post=4632"}],"curies":[{"name":"wp","href":"https:\/\/api.w.org\/{rel}","templated":true}]}}