{"id":4782,"date":"2026-04-29T06:02:51","date_gmt":"2026-04-29T04:02:51","guid":{"rendered":"https:\/\/montesionwineestate.com\/pollenca-weinmesse-mallorca\/"},"modified":"2026-04-29T13:23:19","modified_gmt":"2026-04-29T11:23:19","slug":"pollenca-weinmesse-mallorca","status":"publish","type":"post","link":"https:\/\/montesionwineestate.com\/de\/pollenca-weinmesse-mallorca\/","title":{"rendered":"Pollen\u00e7a Wine Fair 2026: Der Aufstieg authentischer Mallorca-Weine"},"content":{"rendered":"<article>\n<h1>Pollen\u00e7a Wine Fair 2026: Der Aufstieg authentischer Mallorca-Weine<\/h1>\n<p class=\"seo-intro\" style=\"color: #111827;font-size: 22px;line-height: 1.6;margin-bottom: 40px;font-weight: 500;letter-spacing: -0.01em;\">Die 23. Ausgabe der Pollen\u00e7a Wine Fair brachte k\u00fcrzlich 37 lokale Weing\u00fcter zusammen. Erg\u00e4nzt wurde das Event durch 29 Gastweing\u00fcter aus dem DO Montsant, um gemeinsam die Vielfalt der Mallorca-Weine zu feiern. Die Verkostung fand am 25. und 26. April 2026 statt. In der historischen Kulisse des Convent de Sant Domingo wurde ein deutlicher Wandel im Konsumverhalten hin zu authentischen, auf der Insel erzeugten Weinen sichtbar. Die Besucher erlebten die bl\u00fchende Weinszene der Region durch den direkten Austausch mit leidenschaftlichen Erzeugern, die sich f\u00fcr autochthone Rebsorten einsetzen \u2013 darunter auch das Montesion Wine Estate.<\/p>\n<p>Der Fr\u00fchling bringt stets neue Energie auf die Balearen. Doch dieses Wochenende Ende April hatte eine besondere landwirtschaftliche Bedeutung. Die Fira del Vi dient als j\u00e4hrliches Barometer f\u00fcr den Zustand und die Ausrichtung des lokalen Weinbaus. Die Weing\u00fcter der Insel haben den Winter mit dem Rebschnitt und der Vorbereitung ihrer Reben verbracht. Folglich bot dieses Treffen einen entscheidenden Moment, um die Fr\u00fcchte ihrer Arbeit einem zunehmend gebildeten Publikum zu pr\u00e4sentieren. Zudem zeigte die Ausgabe 2026 eine klare Abkehr von internationaler Homogenisierung. Stattdessen suchten die Weinfreunde gezielt nach Tropfen, die unverkennbar den mediterranen Boden widerspiegeln. Dieser wachsende Appetit auf terroirgepr\u00e4gte Weine spiegelt den globalen Trend zu mehr Transparenz in der Landwirtschaft wider. Lokale Weing\u00fcter nutzen diese intimen Messen, um klassische Vertriebswege zu umgehen und direkt mit Liebhabern ins Gespr\u00e4ch zu kommen. Die Besucher suchten nach den Geschichten hinter den Etiketten; sie forderten biologische Anbaumethoden und einen tiefen Respekt vor dem Land.<\/p>\n<h2>Wie die Pollen\u00e7a Wine Fair 2026 den Insel-Weinbau bereicherte<\/h2>\n<p>Der Kreuzgang des Convent de Sant Domingo bot eine atemberaubende architektonische Kulisse f\u00fcr die diesj\u00e4hrige Verkostung. Innerhalb dieser alten Steinmauern pr\u00e4sentierten 37 verschiedene Weing\u00fcter ihre neuesten Jahrg\u00e4nge einem fachkundigen Publikum. Die Einladung von 29 Gastweing\u00fctern aus dem katalanischen DO Montsant erm\u00f6glichte zudem einen faszinierenden Vergleich. Besucher konnten die mineralstoffreichen, h\u00f6henbetonten Profile des Montsant direkt mit dem sonnenverw\u00f6hnten, maritimen Einfluss der Balearen-Weine kontrastieren.<\/p>\n<p>Diese Gegen\u00fcberstellung der Regionen verdeutlichte, wie sehr K\u00fcsten- und H\u00f6henklima autochthone Rebsorten pr\u00e4gen. Mallorquinische Erzeuger pr\u00e4sentierten stolz einheimische Trauben wie Callet und Prensal Blanc. Sie bewiesen, dass diese alten Reben komplexe, lagerf\u00e4hige Weine hervorbringen k\u00f6nnen. Historisch gesehen verschnitten viele Weing\u00fcter diese lokalen Trauben mit franz\u00f6sischen Sorten, um internationale M\u00e4rkte zu bedienen. Die Messe 2026 bewies jedoch, dass sowohl inl\u00e4ndische als auch internationale K\u00e4ufer heute unverf\u00e4lschte Insel-Charaktere suchen.<\/p>\n<h3>Der Trend zu traditionellen Rebsorten<\/h3>\n<p>Beim Gang durch die gut besuchten G\u00e4nge wurde ein Trend unter den teilnehmenden Weing\u00fctern sofort deutlich: Winzer verzichten zunehmend auf einen aggressiven Ausbau im Barrique. Stattdessen bevorzugen sie atmungsaktive Tonamphoren und neutrale Gef\u00e4\u00dfe. So r\u00fcckt die reine Fruchtcharakteristik der Region in den Mittelpunkt. Dieser minimalistische Ansatz erfordert eine erstklassige Bewirtschaftung und f\u00fchrt viele Weinberge zu strengen biologischen und biodynamischen Richtlinien. Wenn man auf chemische Eingriffe im Weinberg verzichtet, spricht der resultierende Wein mit absoluter Klarheit.<\/p>\n<p>Dar\u00fcber hinaus signalisiert die hohe Besucherzahl eine robuste wirtschaftliche Zukunft f\u00fcr diese handwerklichen Erzeuger. In fr\u00fcheren Jahrzehnten dominierten Gastronomiebetriebe die Kaufkraft und diktierten oft Geschmacksprofile, die den touristischen Erwartungen entsprachen. Heute treiben individuelle Sammler und leidenschaftliche Amateure den Markt an. Diese gebildeten Konsumenten stellen gezielte Fragen zu Bodengesundheit, Erntetechniken und G\u00e4rungsprotokollen. Weing\u00fcter, die \u00f6kologische Harmonie priorisieren, werden mit einer starken Markentreue belohnt.<\/p>\n<p>Jedes Gespr\u00e4ch an den Verkostungstischen unterstrich diese neue Realit\u00e4t. Liebhaber akzeptieren keine generischen Verkostungsnotizen mehr. Sie fordern Details zu Trockenfeldbau und der G\u00e4rung mit autochthonen Hefen. Der Standard f\u00fcr den Eintritt in diesen Premiummarkt war nie h\u00f6her \u2013 doch die lokalen Weing\u00fcter meisterten diese Herausforderung brillant. Sie pr\u00e4sentierten Portfolios, die historische Tradition mit pr\u00e4ziser, moderner Umsetzung in Einklang bringen.<\/p>\n<div class=\"seo-promo\" style=\"display: flex;flex-direction: column;gap: 24px;margin: 56px 0;padding: 40px;position: relative;overflow: hidden;background: #ffffff;border-radius: 16px;border: 1px solid #e5e7eb;box-shadow: 0 10px 40px rgba(0, 0, 0, 0.08);\">\n<div class=\"seo-promo-glow\" style=\"display: none;\"><\/div>\n<div class=\"seo-promo-content\" style=\"position: relative;z-index: 1;\">\n<h3 style=\"margin-top: 0;font-size: 26px;margin-bottom: 16px;color: #111827;font-weight: 600;\">Im Fokus: Montesi\u00f3n Callet Limited Edition 2007<\/h3>\n<p style=\"font-size: 18px;line-height: 1.7;color: #4b5563;margin-bottom: 32px;\">Wer einen Wein sucht, der den wilden, ungez\u00e4hmten Geist der Insel einf\u00e4ngt, greift oft zu Weinen, die mit Anmut gereift sind. Diese limitierte Abf\u00fcllung bietet eine tiefgr\u00fcndige Reise in das Potenzial einheimischer Trauben und offenbart Schichten von roten Fr\u00fcchten und Erde, die nur Zeit und sorgf\u00e4ltige Pflege freisetzen k\u00f6nnen. Eine ideale Wahl f\u00fcr alle, die die Verbindung von Geschichte und biodynamischer Pr\u00e4zision im Glas sch\u00e4tzen.<\/p>\n<p>      <a class=\"seo-promo-btn\" href=\"https:\/\/montesionwineestate.com\/producto\/montesion-callet-limited-edition-2007\/\" style=\"display: inline-block;padding: 14px 32px;background: #000000;color: #ffffff !important;border-radius: 0px;text-decoration: none !important;font-weight: 500;font-size: 16px;border: 1px solid #000000;text-align: center;max-width: max-content;transition: all 0.2s ease;\">Produkt ansehen<\/a>\n    <\/div>\n<\/p><\/div>\n<h2>Warum authentische Mallorca-Weinkultur den direkten Kontakt erfordert<\/h2>\n<p>Der direkte Austausch mit dem Kunden bleibt das wirkungsvollste Werkzeug f\u00fcr Weing\u00fcter, die naturnahen Weinbau praktizieren. W\u00e4hrend des Wochenendes standen die Winzer den Menschen, die ihre Flaschen \u00f6ffnen, pers\u00f6nlich gegen\u00fcber. Dies umgeht die traditionelle Barriere von Zwischenh\u00e4ndlern und Sommeliers. Diese intime Interaktion erm\u00f6glicht es den Erzeugern, die strengen Anforderungen einer Demeter-Zertifizierung zu erl\u00e4utern. Letztendlich l\u00e4sst sich der Mondkalender und die Biodiversit\u00e4t eines biodynamischen Weinguts wie Montesion Wine Estate bei einem Glas Wein viel besser erkl\u00e4ren.<\/p>\n<p>Konsumenten, die diese lebendigen Weine verkosten, verstehen sofort den Wert dieser intensiven Arbeit. Wenn ein Gast einen sorgf\u00e4ltig gereiften Rotwein aus lokalen Reben probiert, wird die Verbindung zum Land greifbar. Ein perfektes Beispiel f\u00fcr diese Philosophie ist der <a href=\"https:\/\/montesionwineestate.com\/producto\/montesion-callet-limited-edition-2007\/\">Montesi\u00f3n Callet Limited Edition 2007<\/a>. Dieser gehaltvolle, k\u00f6rperreiche Wein mit Noten von roten Fr\u00fcchten und erdigen Untert\u00f6nen zeigt eindrucksvoll, wie wunderbar autochthone Trauben altern k\u00f6nnen, wenn sie mit Respekt vor der Umwelt kultiviert werden. Das Teilen einer solchen Flasche auf einer lokalen Messe macht aus einem Gelegenheitsweintrinker einen lebenslangen F\u00fcrsprecher.<\/p>\n<h3>Gemeinschaft durch das Glas st\u00e4rken<\/h3>\n<p>Die wirtschaftliche Realit\u00e4t des Weinbaus auf einer Insel erfordert diesen gemeinschaftsorientierten Premium-Ansatz. Da Bodenpreise und Arbeitskosten hoch bleiben, ist ein Wettbewerb \u00fcber die Menge f\u00fcr lokale Weing\u00fcter unm\u00f6glich. Daher m\u00fcssen sich die Erzeuger auf Qualit\u00e4t und Einzigartigkeit konzentrieren. Veranstaltungen wie das j\u00fcngste Treffen bieten die ideale Plattform, um die h\u00f6heren Kosten der Handlese zu rechtfertigen. Sie validieren die strengen Standards f\u00fcr Bio-Wein aus Spanien, die das lokale \u00d6kosystem sch\u00fctzen.<\/p>\n<p>Zudem fungiert die Messe als Bildungsinkubator f\u00fcr die n\u00e4chste Generation von Weintrinkern. Junge Fachleute aus Palma und Umgebung f\u00fcllten den Kreuzgang, begierig darauf, mehr \u00fcber nat\u00fcrliche Produktionsmethoden zu erfahren. Sie suchten gezielt nach St\u00e4nden mit \u201eVino Biodin\u00e1mico\u201c und stellten \u00f6kologische Nachhaltigkeit auf eine Stufe mit dem Geschmack. W\u00e4hrenddessen entdeckten erfahrene Sammler neue Mikro-Cuv\u00e9es, die die etablierte Hierarchie spanischer Appellationen herausfordern.<\/p>\n<p>Diese generationen\u00fcbergreifende Anziehungskraft garantiert den Fortbestand des landwirtschaftlichen Erbes der Insel. Wenn ein junger Naturwein-Enthusiast und ein erfahrener Kellermeister bei einem Glas autochthonem Callet ins Gespr\u00e4ch kommen, st\u00e4rkt das die gesamte Branche. Letztendlich bewirken diese lokalen Verkostungen weit mehr als nur Wochenendums\u00e4tze: Sie kultivieren eine informierte, leidenschaftliche Gemeinschaft, die die Weinberge der Region auch in Zukunft gegen klimatische und wirtschaftliche Herausforderungen verteidigen wird.<\/p>\n<h2>Jenseits des Kreuzgangs: Das n\u00e4chste Kapitel f\u00fcr Insel-Winzer<\/h2>\n<p>Der durchschlagende Erfolg des Treffens 2026 best\u00e4tigt eine wichtige Wahrheit \u00fcber die lokale Branche: Die Entwicklung des Insel-Weinbaus zielt klar auf \u00f6kologische Bewahrung ab. Zuallererst best\u00e4tigt die begeisterte Aufnahme autochthoner Rebsorten die gro\u00dfen Risiken, die die Landwirte eingegangen sind. Diese Vision\u00e4re haben ihre Weinberge bereits vor Jahrzehnten mit einheimischen Reben neu bepflanzt. Zudem unterstrich die starke Pr\u00e4senz der DO Montsant-Weing\u00fcter das gemeinsame mediterrane Engagement f\u00fcr terroirgepr\u00e4gtes, authentisches Handwerk.<\/p>\n<p>F\u00fcr die lokalen Weing\u00fcter liegt die Herausforderung nun darin, diese Dynamik beizubehalten. Da die Nachfrage nach transparenten, naturnah erzeugten Weinen das Angebot weiterhin \u00fcbersteigt, m\u00fcssen die Weing\u00fcter der Versuchung widerstehen, Abstriche bei der Qualit\u00e4t zu machen. Stattdessen wird die Vertiefung des Engagements f\u00fcr regenerative Landwirtschaft und biodynamische Prinzipien die langfristige Resilienz sichern. Die Gespr\u00e4che unter den B\u00f6gen des Convent de Sant Domingo werden zweifellos die kommende Ernte beeinflussen. Das wahre Verm\u00e4chtnis der diesj\u00e4hrigen Messe ist das unzerbrechliche Band, das zwischen dem steinigen Inselboden und der Gemeinschaft, die ihn verehrt, geschmiedet wurde.<\/p>\n<div class=\"seo-cta-container\" style=\"text-align: center;margin: 56px 0;\">\n    <a class=\"seo-cta-btn\" href=\"https:\/\/montesionwineestate.com\/\" style=\"display: inline-block;padding: 16px 40px;background: #000000;color: #ffffff !important;border: 1px solid #000000;border-radius: 0px;text-decoration: none !important;font-weight: 600;font-size: 18px;box-shadow: 0 4px 14px rgba(0, 0, 0, 0.1);transition: all 0.2s ease;\">Besuchen Sie unser Demeter-zertifiziertes Weingut auf Mallorca<\/a>\n  <\/div>\n<\/article>\n","protected":false},"excerpt":{"rendered":"<p>Pollen\u00e7a Wine Fair 2026: Der Aufstieg authentischer Mallorca-Weine Die 23. Ausgabe der Pollen\u00e7a Wine Fair brachte k\u00fcrzlich 37 lokale Weing\u00fcter zusammen. Erg\u00e4nzt wurde das Event durch 29 Gastweing\u00fcter aus dem DO Montsant, um gemeinsam die Vielfalt der Mallorca-Weine zu feiern. Die Verkostung fand am 25. und 26. April 2026 statt. In der historischen Kulisse des [&hellip;]<\/p>\n","protected":false},"author":7,"featured_media":4778,"comment_status":"closed","ping_status":"","sticky":false,"template":"","format":"standard","meta":{"_acf_changed":false,"_yoast_wpseo_focuskw":"Mallorca Wein","_yoast_wpseo_title":"Pollen\u00e7a Wine Fair 2026: Mallorca-Weine & Terroir | Montesion","_yoast_wpseo_metadesc":"Erfahren Sie, wie die Pollen\u00e7a Wine Fair 2026 die Zukunft der Mallorca-Weine pr\u00e4gte - von biodynamischem Anbau bis hin zu autochthonen Rebsorten.","_jetpack_memberships_contains_paid_content":false,"footnotes":""},"categories":[140,141],"tags":[],"class_list":["post-4782","post","type-post","status-publish","format-standard","has-post-thumbnail","hentry","category-blog"],"acf":[],"yoast_head":"<!-- This site is optimized with the Yoast SEO plugin v26.8 - https:\/\/yoast.com\/product\/yoast-seo-wordpress\/ -->\n<title>Pollen\u00e7a Wine Fair 2026: Mallorca-Weine &amp; Terroir | Montesion<\/title>\n<meta name=\"description\" content=\"Erfahren Sie, wie die Pollen\u00e7a Wine Fair 2026 die Zukunft der Mallorca-Weine pr\u00e4gte - von biodynamischem Anbau bis hin zu autochthonen Rebsorten.\" \/>\n<meta name=\"robots\" content=\"index, follow, max-snippet:-1, max-image-preview:large, max-video-preview:-1\" \/>\n<link rel=\"canonical\" href=\"https:\/\/montesionwineestate.com\/de\/pollenca-weinmesse-mallorca\/\" \/>\n<meta property=\"og:locale\" content=\"de_DE\" \/>\n<meta property=\"og:type\" content=\"article\" \/>\n<meta property=\"og:title\" content=\"Pollen\u00e7a Wine Fair 2026: Mallorca-Weine &amp; Terroir | Montesion\" \/>\n<meta property=\"og:description\" content=\"Erfahren Sie, wie die Pollen\u00e7a Wine Fair 2026 die Zukunft der Mallorca-Weine pr\u00e4gte - von biodynamischem Anbau bis hin zu autochthonen Rebsorten.\" \/>\n<meta property=\"og:url\" content=\"https:\/\/montesionwineestate.com\/de\/pollenca-weinmesse-mallorca\/\" \/>\n<meta property=\"og:site_name\" content=\"Montesion Wine Estate\" \/>\n<meta property=\"article:published_time\" content=\"2026-04-29T04:02:51+00:00\" \/>\n<meta property=\"article:modified_time\" content=\"2026-04-29T11:23:19+00:00\" \/>\n<meta property=\"og:image\" content=\"https:\/\/montesionwineestate.com\/wp-content\/uploads\/2026\/04\/pollenca-wine-fair-mallorca-featured-scaled.jpg\" \/>\n\t<meta property=\"og:image:width\" content=\"2560\" \/>\n\t<meta property=\"og:image:height\" content=\"1429\" \/>\n\t<meta property=\"og:image:type\" content=\"image\/webp\" \/>\n<meta name=\"author\" content=\"nataliaflap\" \/>\n<meta name=\"twitter:card\" content=\"summary_large_image\" \/>\n<meta name=\"twitter:label1\" content=\"Verfasst von\" \/>\n\t<meta name=\"twitter:data1\" content=\"nataliaflap\" \/>\n\t<meta name=\"twitter:label2\" content=\"Gesch\u00e4tzte Lesezeit\" \/>\n\t<meta name=\"twitter:data2\" content=\"7\u00a0Minuten\" \/>\n<script type=\"application\/ld+json\" class=\"yoast-schema-graph\">{\"@context\":\"https:\/\/schema.org\",\"@graph\":[{\"@type\":\"Article\",\"@id\":\"https:\/\/montesionwineestate.com\/de\/pollenca-weinmesse-mallorca\/#article\",\"isPartOf\":{\"@id\":\"https:\/\/montesionwineestate.com\/de\/pollenca-weinmesse-mallorca\/\"},\"author\":{\"name\":\"nataliaflap\",\"@id\":\"https:\/\/montesionwineestate.com\/de\/#\/schema\/person\/97f80e66620d63f38a2b8f52ac51e7a8\"},\"headline\":\"Pollen\u00e7a Wine Fair 2026: Der Aufstieg authentischer Mallorca-Weine\",\"datePublished\":\"2026-04-29T04:02:51+00:00\",\"dateModified\":\"2026-04-29T11:23:19+00:00\",\"mainEntityOfPage\":{\"@id\":\"https:\/\/montesionwineestate.com\/de\/pollenca-weinmesse-mallorca\/\"},\"wordCount\":1328,\"publisher\":{\"@id\":\"https:\/\/montesionwineestate.com\/de\/#organization\"},\"image\":{\"@id\":\"https:\/\/montesionwineestate.com\/de\/pollenca-weinmesse-mallorca\/#primaryimage\"},\"thumbnailUrl\":\"https:\/\/montesionwineestate.com\/wp-content\/uploads\/2026\/04\/pollenca-wine-fair-mallorca-featured-scaled.jpg\",\"articleSection\":[\"Blog\",\"Blog\"],\"inLanguage\":\"de\"},{\"@type\":\"WebPage\",\"@id\":\"https:\/\/montesionwineestate.com\/de\/pollenca-weinmesse-mallorca\/\",\"url\":\"https:\/\/montesionwineestate.com\/de\/pollenca-weinmesse-mallorca\/\",\"name\":\"Pollen\u00e7a Wine Fair 2026: Mallorca-Weine & Terroir | Montesion\",\"isPartOf\":{\"@id\":\"https:\/\/montesionwineestate.com\/de\/#website\"},\"primaryImageOfPage\":{\"@id\":\"https:\/\/montesionwineestate.com\/de\/pollenca-weinmesse-mallorca\/#primaryimage\"},\"image\":{\"@id\":\"https:\/\/montesionwineestate.com\/de\/pollenca-weinmesse-mallorca\/#primaryimage\"},\"thumbnailUrl\":\"https:\/\/montesionwineestate.com\/wp-content\/uploads\/2026\/04\/pollenca-wine-fair-mallorca-featured-scaled.jpg\",\"datePublished\":\"2026-04-29T04:02:51+00:00\",\"dateModified\":\"2026-04-29T11:23:19+00:00\",\"description\":\"Erfahren Sie, wie die Pollen\u00e7a Wine Fair 2026 die Zukunft der Mallorca-Weine pr\u00e4gte - von biodynamischem Anbau bis hin zu autochthonen Rebsorten.\",\"breadcrumb\":{\"@id\":\"https:\/\/montesionwineestate.com\/de\/pollenca-weinmesse-mallorca\/#breadcrumb\"},\"inLanguage\":\"de\",\"potentialAction\":[{\"@type\":\"ReadAction\",\"target\":[\"https:\/\/montesionwineestate.com\/de\/pollenca-weinmesse-mallorca\/\"]}]},{\"@type\":\"ImageObject\",\"inLanguage\":\"de\",\"@id\":\"https:\/\/montesionwineestate.com\/de\/pollenca-weinmesse-mallorca\/#primaryimage\",\"url\":\"https:\/\/montesionwineestate.com\/wp-content\/uploads\/2026\/04\/pollenca-wine-fair-mallorca-featured-scaled.jpg\",\"contentUrl\":\"https:\/\/montesionwineestate.com\/wp-content\/uploads\/2026\/04\/pollenca-wine-fair-mallorca-featured-scaled.jpg\",\"width\":2560,\"height\":1429,\"caption\":\"Mallorca wine \u2014 Sun-drenched Mediterranean vineyard in Mallorca, ancient stone walls, soft golden hour light, lush green vines, rustic and serene atmosphere.\"},{\"@type\":\"BreadcrumbList\",\"@id\":\"https:\/\/montesionwineestate.com\/de\/pollenca-weinmesse-mallorca\/#breadcrumb\",\"itemListElement\":[{\"@type\":\"ListItem\",\"position\":1,\"name\":\"Home\",\"item\":\"https:\/\/montesionwineestate.com\/de\/\"},{\"@type\":\"ListItem\",\"position\":2,\"name\":\"Pollen\u00e7a Wine Fair 2026: Der Aufstieg authentischer Mallorca-Weine\"}]},{\"@type\":\"WebSite\",\"@id\":\"https:\/\/montesionwineestate.com\/de\/#website\",\"url\":\"https:\/\/montesionwineestate.com\/de\/\",\"name\":\"Montesion Wine Estate\",\"description\":\"Certified Bio Dynamic winery\",\"publisher\":{\"@id\":\"https:\/\/montesionwineestate.com\/de\/#organization\"},\"potentialAction\":[{\"@type\":\"SearchAction\",\"target\":{\"@type\":\"EntryPoint\",\"urlTemplate\":\"https:\/\/montesionwineestate.com\/de\/?s={search_term_string}\"},\"query-input\":{\"@type\":\"PropertyValueSpecification\",\"valueRequired\":true,\"valueName\":\"search_term_string\"}}],\"inLanguage\":\"de\"},{\"@type\":\"Organization\",\"@id\":\"https:\/\/montesionwineestate.com\/de\/#organization\",\"name\":\"Montesi\u00f4n Wine Estate\",\"alternateName\":\"Montesi\u00f4n\",\"url\":\"https:\/\/montesionwineestate.com\/de\/\",\"logo\":{\"@type\":\"ImageObject\",\"inLanguage\":\"de\",\"@id\":\"https:\/\/montesionwineestate.com\/de\/#\/schema\/logo\/image\/\",\"url\":\"https:\/\/montesionwineestate.com\/wp-content\/uploads\/2024\/08\/logo-negro.svg\",\"contentUrl\":\"https:\/\/montesionwineestate.com\/wp-content\/uploads\/2024\/08\/logo-negro.svg\",\"caption\":\"Montesi\u00f4n Wine Estate\"},\"image\":{\"@id\":\"https:\/\/montesionwineestate.com\/de\/#\/schema\/logo\/image\/\"}},{\"@type\":\"Person\",\"@id\":\"https:\/\/montesionwineestate.com\/de\/#\/schema\/person\/97f80e66620d63f38a2b8f52ac51e7a8\",\"name\":\"nataliaflap\"}]}<\/script>\n<!-- \/ Yoast SEO plugin. -->","yoast_head_json":{"title":"Pollen\u00e7a Wine Fair 2026: Mallorca-Weine & Terroir | Montesion","description":"Erfahren Sie, wie die Pollen\u00e7a Wine Fair 2026 die Zukunft der Mallorca-Weine pr\u00e4gte - von biodynamischem Anbau bis hin zu autochthonen Rebsorten.","robots":{"index":"index","follow":"follow","max-snippet":"max-snippet:-1","max-image-preview":"max-image-preview:large","max-video-preview":"max-video-preview:-1"},"canonical":"https:\/\/montesionwineestate.com\/de\/pollenca-weinmesse-mallorca\/","og_locale":"de_DE","og_type":"article","og_title":"Pollen\u00e7a Wine Fair 2026: Mallorca-Weine & Terroir | Montesion","og_description":"Erfahren Sie, wie die Pollen\u00e7a Wine Fair 2026 die Zukunft der Mallorca-Weine pr\u00e4gte - von biodynamischem Anbau bis hin zu autochthonen Rebsorten.","og_url":"https:\/\/montesionwineestate.com\/de\/pollenca-weinmesse-mallorca\/","og_site_name":"Montesion Wine Estate","article_published_time":"2026-04-29T04:02:51+00:00","article_modified_time":"2026-04-29T11:23:19+00:00","og_image":[{"width":2560,"height":1429,"url":"https:\/\/montesionwineestate.com\/wp-content\/uploads\/2026\/04\/pollenca-wine-fair-mallorca-featured-scaled.jpg","type":"image\/webp"}],"author":"nataliaflap","twitter_card":"summary_large_image","twitter_misc":{"Verfasst von":"nataliaflap","Gesch\u00e4tzte Lesezeit":"7\u00a0Minuten"},"schema":{"@context":"https:\/\/schema.org","@graph":[{"@type":"Article","@id":"https:\/\/montesionwineestate.com\/de\/pollenca-weinmesse-mallorca\/#article","isPartOf":{"@id":"https:\/\/montesionwineestate.com\/de\/pollenca-weinmesse-mallorca\/"},"author":{"name":"nataliaflap","@id":"https:\/\/montesionwineestate.com\/de\/#\/schema\/person\/97f80e66620d63f38a2b8f52ac51e7a8"},"headline":"Pollen\u00e7a Wine Fair 2026: Der Aufstieg authentischer Mallorca-Weine","datePublished":"2026-04-29T04:02:51+00:00","dateModified":"2026-04-29T11:23:19+00:00","mainEntityOfPage":{"@id":"https:\/\/montesionwineestate.com\/de\/pollenca-weinmesse-mallorca\/"},"wordCount":1328,"publisher":{"@id":"https:\/\/montesionwineestate.com\/de\/#organization"},"image":{"@id":"https:\/\/montesionwineestate.com\/de\/pollenca-weinmesse-mallorca\/#primaryimage"},"thumbnailUrl":"https:\/\/montesionwineestate.com\/wp-content\/uploads\/2026\/04\/pollenca-wine-fair-mallorca-featured-scaled.jpg","articleSection":["Blog","Blog"],"inLanguage":"de"},{"@type":"WebPage","@id":"https:\/\/montesionwineestate.com\/de\/pollenca-weinmesse-mallorca\/","url":"https:\/\/montesionwineestate.com\/de\/pollenca-weinmesse-mallorca\/","name":"Pollen\u00e7a Wine Fair 2026: Mallorca-Weine & Terroir | Montesion","isPartOf":{"@id":"https:\/\/montesionwineestate.com\/de\/#website"},"primaryImageOfPage":{"@id":"https:\/\/montesionwineestate.com\/de\/pollenca-weinmesse-mallorca\/#primaryimage"},"image":{"@id":"https:\/\/montesionwineestate.com\/de\/pollenca-weinmesse-mallorca\/#primaryimage"},"thumbnailUrl":"https:\/\/montesionwineestate.com\/wp-content\/uploads\/2026\/04\/pollenca-wine-fair-mallorca-featured-scaled.jpg","datePublished":"2026-04-29T04:02:51+00:00","dateModified":"2026-04-29T11:23:19+00:00","description":"Erfahren Sie, wie die Pollen\u00e7a Wine Fair 2026 die Zukunft der Mallorca-Weine pr\u00e4gte - von biodynamischem Anbau bis hin zu autochthonen Rebsorten.","breadcrumb":{"@id":"https:\/\/montesionwineestate.com\/de\/pollenca-weinmesse-mallorca\/#breadcrumb"},"inLanguage":"de","potentialAction":[{"@type":"ReadAction","target":["https:\/\/montesionwineestate.com\/de\/pollenca-weinmesse-mallorca\/"]}]},{"@type":"ImageObject","inLanguage":"de","@id":"https:\/\/montesionwineestate.com\/de\/pollenca-weinmesse-mallorca\/#primaryimage","url":"https:\/\/montesionwineestate.com\/wp-content\/uploads\/2026\/04\/pollenca-wine-fair-mallorca-featured-scaled.jpg","contentUrl":"https:\/\/montesionwineestate.com\/wp-content\/uploads\/2026\/04\/pollenca-wine-fair-mallorca-featured-scaled.jpg","width":2560,"height":1429,"caption":"Mallorca wine \u2014 Sun-drenched Mediterranean vineyard in Mallorca, ancient stone walls, soft golden hour light, lush green vines, rustic and serene atmosphere."},{"@type":"BreadcrumbList","@id":"https:\/\/montesionwineestate.com\/de\/pollenca-weinmesse-mallorca\/#breadcrumb","itemListElement":[{"@type":"ListItem","position":1,"name":"Home","item":"https:\/\/montesionwineestate.com\/de\/"},{"@type":"ListItem","position":2,"name":"Pollen\u00e7a Wine Fair 2026: Der Aufstieg authentischer Mallorca-Weine"}]},{"@type":"WebSite","@id":"https:\/\/montesionwineestate.com\/de\/#website","url":"https:\/\/montesionwineestate.com\/de\/","name":"Montesion Wine Estate","description":"Certified Bio Dynamic winery","publisher":{"@id":"https:\/\/montesionwineestate.com\/de\/#organization"},"potentialAction":[{"@type":"SearchAction","target":{"@type":"EntryPoint","urlTemplate":"https:\/\/montesionwineestate.com\/de\/?s={search_term_string}"},"query-input":{"@type":"PropertyValueSpecification","valueRequired":true,"valueName":"search_term_string"}}],"inLanguage":"de"},{"@type":"Organization","@id":"https:\/\/montesionwineestate.com\/de\/#organization","name":"Montesi\u00f4n Wine Estate","alternateName":"Montesi\u00f4n","url":"https:\/\/montesionwineestate.com\/de\/","logo":{"@type":"ImageObject","inLanguage":"de","@id":"https:\/\/montesionwineestate.com\/de\/#\/schema\/logo\/image\/","url":"https:\/\/montesionwineestate.com\/wp-content\/uploads\/2024\/08\/logo-negro.svg","contentUrl":"https:\/\/montesionwineestate.com\/wp-content\/uploads\/2024\/08\/logo-negro.svg","caption":"Montesi\u00f4n Wine Estate"},"image":{"@id":"https:\/\/montesionwineestate.com\/de\/#\/schema\/logo\/image\/"}},{"@type":"Person","@id":"https:\/\/montesionwineestate.com\/de\/#\/schema\/person\/97f80e66620d63f38a2b8f52ac51e7a8","name":"nataliaflap"}]}},"jetpack_featured_media_url":"https:\/\/montesionwineestate.com\/wp-content\/uploads\/2026\/04\/pollenca-wine-fair-mallorca-featured-scaled.jpg","jetpack_sharing_enabled":true,"_links":{"self":[{"href":"https:\/\/montesionwineestate.com\/de\/wp-json\/wp\/v2\/posts\/4782","targetHints":{"allow":["GET"]}}],"collection":[{"href":"https:\/\/montesionwineestate.com\/de\/wp-json\/wp\/v2\/posts"}],"about":[{"href":"https:\/\/montesionwineestate.com\/de\/wp-json\/wp\/v2\/types\/post"}],"author":[{"embeddable":true,"href":"https:\/\/montesionwineestate.com\/de\/wp-json\/wp\/v2\/users\/7"}],"replies":[{"embeddable":true,"href":"https:\/\/montesionwineestate.com\/de\/wp-json\/wp\/v2\/comments?post=4782"}],"version-history":[{"count":1,"href":"https:\/\/montesionwineestate.com\/de\/wp-json\/wp\/v2\/posts\/4782\/revisions"}],"predecessor-version":[{"id":4795,"href":"https:\/\/montesionwineestate.com\/de\/wp-json\/wp\/v2\/posts\/4782\/revisions\/4795"}],"wp:featuredmedia":[{"embeddable":true,"href":"https:\/\/montesionwineestate.com\/de\/wp-json\/wp\/v2\/media\/4778"}],"wp:attachment":[{"href":"https:\/\/montesionwineestate.com\/de\/wp-json\/wp\/v2\/media?parent=4782"}],"wp:term":[{"taxonomy":"category","embeddable":true,"href":"https:\/\/montesionwineestate.com\/de\/wp-json\/wp\/v2\/categories?post=4782"},{"taxonomy":"post_tag","embeddable":true,"href":"https:\/\/montesionwineestate.com\/de\/wp-json\/wp\/v2\/tags?post=4782"}],"curies":[{"name":"wp","href":"https:\/\/api.w.org\/{rel}","templated":true}]}}